{"id":15380,"date":"2025-05-26T16:36:54","date_gmt":"2025-05-26T14:36:54","guid":{"rendered":"https:\/\/serbenidorm.daliisolutions.com\/index.php\/2025\/05\/26\/benidorm-y-generalitat-firman-el-convenio-para-renovar-la-depuradora-y-varias-estaciones-de-bombeo-con-145-millones\/"},"modified":"2025-05-26T16:36:54","modified_gmt":"2025-05-26T14:36:54","slug":"benidorm-y-generalitat-firman-el-convenio-para-renovar-la-depuradora-y-varias-estaciones-de-bombeo-con-145-millones","status":"publish","type":"post","link":"https:\/\/serbenidorm.daliisolutions.com\/index.php\/2025\/05\/26\/benidorm-y-generalitat-firman-el-convenio-para-renovar-la-depuradora-y-varias-estaciones-de-bombeo-con-145-millones\/","title":{"rendered":"Benidorm y Generalitat firman el convenio para renovar la depuradora y varias estaciones de bombeo con 14,5 millones"},"content":{"rendered":"  <p><div data-adtype=\"MLDB\"><\/div><\/p>   <p>Benidorm<\/p>   <p>Firma del convenio entre la Entidad P\u00fablica de Saneamiento de Aguas Residuales de la Comunidad Valenciana (EPSAR), la Generalitat y el Ayuntamiento de Benidorm. En el escenario de la carpa montada para la ocasi\u00f3n este lunes en la depuradora de Serra Gelada dos protagonistas, el president de la Generalitat y el alcalde de la ciudad, y una reivindicaci\u00f3n com\u00fan: es la primera inversi\u00f3n potente en esta infraestructura de 40 a\u00f1os de historia, cr\u00edtica incluida al anterior Consell socialista por haber obviado sus necesidades.<\/p>   <p><div class=\"c-mul-sc\"><div id=\"player-cadenaser_benidorm_hora14benidorm_20250526_141700_143000\" class=\"c-player-audio\"><button class=\"bt-play\" data-audioid=\"cadenaser_benidorm_hora14benidorm_20250526_141700_143000\" data-type=\"aod\" data-description=\"La \u00faltima hora y la informaci\u00f3n de la ma\u00f1ana en la Marina Baixa y Benidorm, en la Cadena SER. Escucha todas las noticias de la jornada, el an\u00e1lisis y la informaci\u00f3n de servicio.\" data-accountname=\"playser\"><\/button><div class=\"c-copiado\"><p>El c\u00f3digo iframe se ha copiado en el portapapeles<\/p><\/div><div class=\"d-audio\"><p class=\"tit\">Hora 14 Benidorm (26\/05\/2025)<\/p><div class=\"b-pro\"><span class=\"progreso\"><\/span><\/div><div class=\"c-times\"><span class=\"t-progreso\">00:00:00<\/span><span class=\"t-total-audio\">13:00<\/span><\/div><\/div><button class=\"bt-op\"><\/button><div class=\"c-opciones c-comun\"><a href=\"https:\/\/prisa-es.mc.tritondigital.com\/RADIO_BENIDORM_CADENASER_3154_P\/media\/2025\/5\/26\/cadenaser_benidorm_hora14benidorm_20250526_141700_143000.mp3?dist=cadenaser-web-tfp-permanente&amp;csegid=22000&amp;dl=1\" class=\"bt-down\">Descargar<\/a><button class=\"bt-share\">Compartir<\/button><button class=\"bt-close\">Cerrar<\/button><\/div><div class=\"c-opciones c-share\"><button class=\"bt-fb\" data-ssnn=\"facebook\" data-url=\"https:\/\/cadenaser.com\/comunitat-valenciana\/2025\/05\/26\/benidorm-y-generalitat-firman-el-convenio-para-renovar-la-depuradora-y-varias-estaciones-de-bombeo-con-145-millones-radio-benidorm\/\" data-title=\"Hora 14 Benidorm (26\/05\/2025)\">Facebook<\/button><button class=\"bt-tw\" data-ssnn=\"twitter\" data-url=\"https:\/\/cadenaser.com\/comunitat-valenciana\/2025\/05\/26\/benidorm-y-generalitat-firman-el-convenio-para-renovar-la-depuradora-y-varias-estaciones-de-bombeo-con-145-millones-radio-benidorm\/\" data-title=\"Hora 14 Benidorm (26\/05\/2025)\">Twitter<\/button><button class=\"bt-li\" data-ssnn=\"linkedin\" data-url=\"https:\/\/cadenaser.com\/comunitat-valenciana\/2025\/05\/26\/benidorm-y-generalitat-firman-el-convenio-para-renovar-la-depuradora-y-varias-estaciones-de-bombeo-con-145-millones-radio-benidorm\/\" data-title=\"Hora 14 Benidorm (26\/05\/2025)\">Linkedin<\/button><button class=\"bt-wh\" data-ssnn=\"whatsapp\" data-url=\"https:\/\/cadenaser.com\/comunitat-valenciana\/2025\/05\/26\/benidorm-y-generalitat-firman-el-convenio-para-renovar-la-depuradora-y-varias-estaciones-de-bombeo-con-145-millones-radio-benidorm\/\" data-title=\"Hora 14 Benidorm (26\/05\/2025)\">WhatsApp<\/button><button class=\"bt-close\">Cerrar<\/button><\/div><\/div><\/div><\/p>   <p>Por lo dem\u00e1s y al margen del resto de cuestiones de actualidad pol\u00edtica abordadas con la prensa, <a href=\"https:\/\/cadenaser.com\/comunitat-valenciana\/2024\/02\/16\/la-generalitat-anuncia-14-5-millones-en-cuatro-anos-para-renovar-la-depuradora-de-benidorm-radio-benidorm\/\" target=\"_blank\" rel=\"nofollow\" title=\"https:\/\/cadenaser.com\/comunitat-valenciana\/2024\/02\/16\/la-generalitat-anuncia-14-5-millones-en-cuatro-anos-para-renovar-la-depuradora-de-benidorm-radio-benidorm\/\">el evento ha sido una repetici\u00f3n de la visita de Maz\u00f3n en febrero del a\u00f1o pasado, cuando ya se anunci\u00f3 esa inversi\u00f3n de cerca de 14,5 millones de euros del gobierno auton\u00f3mico y ya se detallaron los cinco proyectos a realizar en los pr\u00f3ximos cuatro a\u00f1os<\/a>, aunque se pueden prorrogar otros cuatro. <\/p>  <p><p>M\u00e1s informaci\u00f3n<\/p><figure><img loading=\"lazy\" decoding=\"async\" src=\"https:\/\/cadenaser.com\/resizer\/v2\/ALIUZNXEG5FNLLLEZ32JMRLBNM.jpeg?auth=64ee81a597036a82bd53652148998974c82b4988781fd19e8bc97098dd988ec4&amp;quality=70&amp;width=360&amp;height=202&amp;smart=true\" width=\"820\" height=\"621\" \/><\/figure><ul><li><a href=\"https:\/\/cadenaser.com\/comunitat-valenciana\/2024\/02\/16\/la-generalitat-anuncia-14-5-millones-en-cuatro-anos-para-renovar-la-depuradora-de-benidorm-radio-benidorm\/\"><span>Febrero 2024: La Generalitat anuncia 14, 5 millones en cuatro a\u00f1os para renovar la depuradora de Benidorm<\/span><\/a><\/li><\/ul><\/p>   <p>Dos de esas actuaciones en estaciones de bombeo como la del Parque de Elche; los otros tres en la EDAR de Serra Gelada y, de estas, la m\u00e1s importante, supone casi la mitad de todo el dinero, para renovar la l\u00ednea de fangos. La Generalitat pone el 90 % y el consistorio benidormense el resto. <\/p>   <p>Maz\u00f3n ha indicado que con la modernizaci\u00f3n integral de los sistemas de depuraci\u00f3n de Benidorm \u201csaldamos una deuda hist\u00f3rica\u201d con la Marina Baixa y sus municipios, al tiempo que ha lamentado que en los \u00faltimos a\u00f1os \u00abno se haya realizado una inversi\u00f3n estructural en esta comarca afectada por una sequ\u00eda extrema\u00bb.\u00a0<\/p>   <p>El primer edil lo ha agradecido y ha vuelto a poner de ejemplo a la ciudad como ejemplo de gesti\u00f3n sostenible de sus recursos, entre ellos el agua, al tiempo que reclamaba m\u00e1s financiaci\u00f3n de todas las administraciones supramunicipales para abordar la situaci\u00f3n h\u00eddrica actual. La oposici\u00f3n, ausente, considera sin embargo de todo lo ocurrido este lunes ha sido un ejercicio de \u00abblanqueamiento\u00bb del actual president: \u00abNo queremos ser part\u00edcipes de este nuevo teatrillo que le montan al presidente del Ventorro en Benidorm para blanquear su imagen porque por Valencia no puede salir a la calle\u00bb, ha se\u00f1alado la portavoz del PSOE Cristina Escoda.<\/p> ","protected":false},"excerpt":{"rendered":"<p>El plazo para los cinco proyectos es de cuatro a\u00f1os prorrogables a otros cuatro<\/p>\n","protected":false},"author":0,"featured_media":15381,"comment_status":"open","ping_status":"open","sticky":false,"template":"","format":"standard","meta":{"_acf_changed":false,"footnotes":""},"categories":[1],"tags":[],"class_list":["post-15380","post","type-post","status-publish","format-standard","has-post-thumbnail","hentry","category-sin-categoria"],"acf":{"ser_id":"RVMQQZRYKBETZIYR3ANXAILTDA","ser_url":"https:\/\/cadenaser.com\/comunitat-valenciana\/2025\/05\/26\/benidorm-y-generalitat-firman-el-convenio-para-renovar-la-depuradora-y-varias-estaciones-de-bombeo-con-145-millones-radio-benidorm\/"},"_links":{"self":[{"href":"https:\/\/serbenidorm.daliisolutions.com\/index.php\/wp-json\/wp\/v2\/posts\/15380","targetHints":{"allow":["GET"]}}],"collection":[{"href":"https:\/\/serbenidorm.daliisolutions.com\/index.php\/wp-json\/wp\/v2\/posts"}],"about":[{"href":"https:\/\/serbenidorm.daliisolutions.com\/index.php\/wp-json\/wp\/v2\/types\/post"}],"replies":[{"embeddable":true,"href":"https:\/\/serbenidorm.daliisolutions.com\/index.php\/wp-json\/wp\/v2\/comments?post=15380"}],"version-history":[{"count":0,"href":"https:\/\/serbenidorm.daliisolutions.com\/index.php\/wp-json\/wp\/v2\/posts\/15380\/revisions"}],"wp:featuredmedia":[{"embeddable":true,"href":"https:\/\/serbenidorm.daliisolutions.com\/index.php\/wp-json\/wp\/v2\/media\/15381"}],"wp:attachment":[{"href":"https:\/\/serbenidorm.daliisolutions.com\/index.php\/wp-json\/wp\/v2\/media?parent=15380"}],"wp:term":[{"taxonomy":"category","embeddable":true,"href":"https:\/\/serbenidorm.daliisolutions.com\/index.php\/wp-json\/wp\/v2\/categories?post=15380"},{"taxonomy":"post_tag","embeddable":true,"href":"https:\/\/serbenidorm.daliisolutions.com\/index.php\/wp-json\/wp\/v2\/tags?post=15380"}],"curies":[{"name":"wp","href":"https:\/\/api.w.org\/{rel}","templated":true}]}}