{"id":15389,"date":"2025-05-26T19:15:16","date_gmt":"2025-05-26T17:15:16","guid":{"rendered":"https:\/\/serbenidorm.daliisolutions.com\/index.php\/2025\/05\/26\/mazon-niega-que-ha-habido-veto-a-las-asociaciones-de-victimas-de-la-dana\/"},"modified":"2025-05-26T19:15:16","modified_gmt":"2025-05-26T17:15:16","slug":"mazon-niega-que-ha-habido-veto-a-las-asociaciones-de-victimas-de-la-dana","status":"publish","type":"post","link":"https:\/\/serbenidorm.daliisolutions.com\/index.php\/2025\/05\/26\/mazon-niega-que-ha-habido-veto-a-las-asociaciones-de-victimas-de-la-dana\/","title":{"rendered":"Maz\u00f3n niega que ha habido \u00abveto\u00bb a las asociaciones de v\u00edctimas de la DANA"},"content":{"rendered":"  <p><div data-adtype=\"MLDB\"><\/div><\/p>   <p>Val\u00e8ncia<\/p>   <p>El president de la Generalitat, Carlos Maz\u00f3n, del PP, ha negado que haya habido ning\u00fan \u00abveto\u00bb a las asociaciones de v\u00edctimas de la DANA de Valencia en la comisi\u00f3n de investigaci\u00f3n de Les Corts y ha considerado que se trata de \u00abuna pol\u00e9mica artificial\u00bb de la oposici\u00f3n. <\/p>  <p><figure><img loading=\"lazy\" decoding=\"async\" src=\"https:\/\/cadenaser.com\/resizer\/v2\/LS7XO4RWDRHTTIV3VGAW7VY2WE.jpg?auth=6a5c2ead7c33a8caf6a8c4ee733e6fc01fccc3ce0f519d4330112bb88cda7e4c&amp;quality=70&amp;width=360&amp;height=202&amp;smart=true\" alt=\"Las v\u00edctimas de la DANA comparecer\u00e1n en les Corts, pero la oposici\u00f3n denuncia &quot;maniobras dilatorias&quot; de PP y Vox\" width=\"240\" height=\"135\" \/><\/figure><div><a href=\"https:\/\/cadenaser.com\/comunitat-valenciana\/2025\/05\/26\/las-victimas-de-la-dana-compareceran-en-les-corts-pero-la-oposicion-denuncia-maniobras-dilatorias-de-pp-y-vox-radio-valencia\/\">Las v\u00edctimas de la DANA comparecer\u00e1n en les Corts, pero la oposici\u00f3n denuncia \u00abmaniobras dilatorias\u00bb de PP y Vox<\/a><p><\/p><\/div><\/p>   <p><div class=\"c-mul-sc\"><div id=\"player-1748263485811\" class=\"c-player-audio\"><button class=\"bt-play\" data-audioid=\"1748263485811\" data-type=\"aod\" data-accountname=\"playser\"><\/button><div class=\"c-copiado\"><p>El c\u00f3digo iframe se ha copiado en el portapapeles<\/p><\/div><div class=\"d-audio\"><p class=\"tit\">Carlos Maz\u00f3n (president de la Generalitat): \u00abSorprendido por la pol\u00e9mica artificial\u00bb.<\/p><div class=\"b-pro\"><span class=\"progreso\"><\/span><\/div><div class=\"c-times\"><span class=\"t-progreso\">00:00:00<\/span><span class=\"t-total-audio\">00:24<\/span><\/div><\/div><button class=\"bt-op\"><\/button><div class=\"c-opciones c-comun\"><a href=\"https:\/\/prisa-es.mc.tritondigital.com\/SER_SER_COMUNIDAD_VALENCIANA_HORA_14\/media\/mcv\/playser\/multimedia\/20250526\/4484744_124511_audio_128.mp3?dist=cadenaser-web-tfp-permanente&amp;csegid=22000&amp;dl=1\" class=\"bt-down\">Descargar<\/a><button class=\"bt-share\">Compartir<\/button><button class=\"bt-close\">Cerrar<\/button><\/div><div class=\"c-opciones c-share\"><button class=\"bt-fb\" data-ssnn=\"facebook\" data-url=\"https:\/\/cadenaser.com\/comunitat-valenciana\/2025\/05\/26\/mazon-niega-que-ha-habido-veto-a-las-asociaciones-de-victimas-de-la-dana-radio-valencia\/\">Facebook<\/button><button class=\"bt-tw\" data-ssnn=\"twitter\" data-url=\"https:\/\/cadenaser.com\/comunitat-valenciana\/2025\/05\/26\/mazon-niega-que-ha-habido-veto-a-las-asociaciones-de-victimas-de-la-dana-radio-valencia\/\">Twitter<\/button><button class=\"bt-li\" data-ssnn=\"linkedin\" data-url=\"https:\/\/cadenaser.com\/comunitat-valenciana\/2025\/05\/26\/mazon-niega-que-ha-habido-veto-a-las-asociaciones-de-victimas-de-la-dana-radio-valencia\/\">Linkedin<\/button><button class=\"bt-wh\" data-ssnn=\"whatsapp\" data-url=\"https:\/\/cadenaser.com\/comunitat-valenciana\/2025\/05\/26\/mazon-niega-que-ha-habido-veto-a-las-asociaciones-de-victimas-de-la-dana-radio-valencia\/\">WhatsApp<\/button><button class=\"bt-close\">Cerrar<\/button><\/div><\/div><\/div><\/p>   <p>Tras la firma de la ampliaci\u00f3n de la depuradora de Benidorm, Maz\u00f3n ha explicado que la comisi\u00f3n de investigaci\u00f3n prev\u00e9 un plan de trabajo \u00abflexible\u00bb para que comparezcan las asociaciones ya constituidas o que hasta hace relativamente poco tiempo estaban en proceso de creaci\u00f3n para que participen \u00abvoluntariamente\u00bb tanto las que representan a las v\u00edctimas como a los afectados y damnificados. <\/p>   <p><div class=\"c-mul-sc\"><div id=\"player-1748263596460\" class=\"c-player-audio\"><button class=\"bt-play\" data-audioid=\"1748263596460\" data-type=\"aod\" data-accountname=\"playser\"><\/button><div class=\"c-copiado\"><p>El c\u00f3digo iframe se ha copiado en el portapapeles<\/p><\/div><div class=\"d-audio\"><p class=\"tit\">Carlos Maz\u00f3n (president de la Generalitat) sobre la llamada de Maz\u00f3n a las asociaciones.<\/p><div class=\"b-pro\"><span class=\"progreso\"><\/span><\/div><div class=\"c-times\"><span class=\"t-progreso\">00:00:00<\/span><span class=\"t-total-audio\">00:25<\/span><\/div><\/div><button class=\"bt-op\"><\/button><div class=\"c-opciones c-comun\"><a href=\"https:\/\/prisa-es.mc.tritondigital.com\/SER_SER_COMUNIDAD_VALENCIANA_HORA_14\/media\/mcv\/playser\/multimedia\/20250526\/4484759_124730_audio_128.mp3?dist=cadenaser-web-tfp-permanente&amp;csegid=22000&amp;dl=1\" class=\"bt-down\">Descargar<\/a><button class=\"bt-share\">Compartir<\/button><button class=\"bt-close\">Cerrar<\/button><\/div><div class=\"c-opciones c-share\"><button class=\"bt-fb\" data-ssnn=\"facebook\" data-url=\"https:\/\/cadenaser.com\/comunitat-valenciana\/2025\/05\/26\/mazon-niega-que-ha-habido-veto-a-las-asociaciones-de-victimas-de-la-dana-radio-valencia\/\" data-title=\"Carlos Maz\u00f3n (president de la Generalitat) sobre la llamada de Maz\u00f3n a las asociaciones.\">Facebook<\/button><button class=\"bt-tw\" data-ssnn=\"twitter\" data-url=\"https:\/\/cadenaser.com\/comunitat-valenciana\/2025\/05\/26\/mazon-niega-que-ha-habido-veto-a-las-asociaciones-de-victimas-de-la-dana-radio-valencia\/\" data-title=\"Carlos Maz\u00f3n (president de la Generalitat) sobre la llamada de Maz\u00f3n a las asociaciones.\">Twitter<\/button><button class=\"bt-li\" data-ssnn=\"linkedin\" data-url=\"https:\/\/cadenaser.com\/comunitat-valenciana\/2025\/05\/26\/mazon-niega-que-ha-habido-veto-a-las-asociaciones-de-victimas-de-la-dana-radio-valencia\/\" data-title=\"Carlos Maz\u00f3n (president de la Generalitat) sobre la llamada de Maz\u00f3n a las asociaciones.\">Linkedin<\/button><button class=\"bt-wh\" data-ssnn=\"whatsapp\" data-url=\"https:\/\/cadenaser.com\/comunitat-valenciana\/2025\/05\/26\/mazon-niega-que-ha-habido-veto-a-las-asociaciones-de-victimas-de-la-dana-radio-valencia\/\" data-title=\"Carlos Maz\u00f3n (president de la Generalitat) sobre la llamada de Maz\u00f3n a las asociaciones.\">WhatsApp<\/button><button class=\"bt-close\">Cerrar<\/button><\/div><\/div><\/div><\/p>   <p><i>Sigue toda la \u00faltima hora en el canal de Whatsapp de Radio Valencia:<\/i><a href=\"https:\/\/eur01.safelinks.protection.outlook.com\/?url=https%3A%2F%2Fwhatsapp.com%2Fchannel%2F0029VaHjyqSFHWq2Q3iHB33R&amp;data=05%7C02%7Cjvblasco%40formacion.prisaradio.com%7C0b946dd438a249b13d4808dce2c35c11%7Cc4fd49f3e15a44d882e2c909735d2e45%7C0%7C0%7C638634575912037342%7CUnknown%7CTWFpbGZsb3d8eyJWIjoiMC4wLjAwMDAiLCJQIjoiV2luMzIiLCJBTiI6Ik1haWwiLCJXVCI6Mn0%3D%7C0%7C%7C%7C&amp;sdata=QYBUsEt4RcendRXOvOgj9E2zJO7%2FT%2BOf2Z9fFiwfRLo%3D&amp;reserved=0\" target=\"_blank\" rel=\"nofollow\" title=\"Direcci\u00f3n URL original: https:\/\/whatsapp.com\/channel\/0029VaHjyqSFHWq2Q3iHB33R. Haga clic o pulse si conf\u00eda en este v\u00ednculo.\"><i>haz clic aqu\u00ed y suscr\u00edbete<\/i><\/a><i> para recibir toda la informaci\u00f3n y la actualidad del d\u00eda en tu m\u00f3vil.<\/i><\/p> ","protected":false},"excerpt":{"rendered":"<p>El president explica que la comisi\u00f3n de investigaci\u00f3n prev\u00e9 un plan de trabajo \u00abflexible\u00bb<\/p>\n","protected":false},"author":0,"featured_media":15390,"comment_status":"open","ping_status":"open","sticky":false,"template":"","format":"standard","meta":{"_acf_changed":false,"footnotes":""},"categories":[1],"tags":[],"class_list":["post-15389","post","type-post","status-publish","format-standard","has-post-thumbnail","hentry","category-sin-categoria"],"acf":{"ser_id":"44VRRAJ4PBBXTAUGJBOIA7L5X4","ser_url":"https:\/\/cadenaser.com\/comunitat-valenciana\/2025\/05\/26\/mazon-niega-que-ha-habido-veto-a-las-asociaciones-de-victimas-de-la-dana-radio-valencia\/"},"_links":{"self":[{"href":"https:\/\/serbenidorm.daliisolutions.com\/index.php\/wp-json\/wp\/v2\/posts\/15389","targetHints":{"allow":["GET"]}}],"collection":[{"href":"https:\/\/serbenidorm.daliisolutions.com\/index.php\/wp-json\/wp\/v2\/posts"}],"about":[{"href":"https:\/\/serbenidorm.daliisolutions.com\/index.php\/wp-json\/wp\/v2\/types\/post"}],"replies":[{"embeddable":true,"href":"https:\/\/serbenidorm.daliisolutions.com\/index.php\/wp-json\/wp\/v2\/comments?post=15389"}],"version-history":[{"count":0,"href":"https:\/\/serbenidorm.daliisolutions.com\/index.php\/wp-json\/wp\/v2\/posts\/15389\/revisions"}],"wp:featuredmedia":[{"embeddable":true,"href":"https:\/\/serbenidorm.daliisolutions.com\/index.php\/wp-json\/wp\/v2\/media\/15390"}],"wp:attachment":[{"href":"https:\/\/serbenidorm.daliisolutions.com\/index.php\/wp-json\/wp\/v2\/media?parent=15389"}],"wp:term":[{"taxonomy":"category","embeddable":true,"href":"https:\/\/serbenidorm.daliisolutions.com\/index.php\/wp-json\/wp\/v2\/categories?post=15389"},{"taxonomy":"post_tag","embeddable":true,"href":"https:\/\/serbenidorm.daliisolutions.com\/index.php\/wp-json\/wp\/v2\/tags?post=15389"}],"curies":[{"name":"wp","href":"https:\/\/api.w.org\/{rel}","templated":true}]}}