{"id":15394,"date":"2025-05-27T07:02:31","date_gmt":"2025-05-27T05:02:31","guid":{"rendered":"https:\/\/serbenidorm.daliisolutions.com\/index.php\/2025\/05\/27\/mayte-garcia-repite-al-frente-del-psoe-de-la-marina-baixa-el-presupuesto-de-la-generalitat-es-sangrante-para-la-provincia\/"},"modified":"2025-05-27T07:02:31","modified_gmt":"2025-05-27T05:02:31","slug":"mayte-garcia-repite-al-frente-del-psoe-de-la-marina-baixa-el-presupuesto-de-la-generalitat-es-sangrante-para-la-provincia","status":"publish","type":"post","link":"https:\/\/serbenidorm.daliisolutions.com\/index.php\/2025\/05\/27\/mayte-garcia-repite-al-frente-del-psoe-de-la-marina-baixa-el-presupuesto-de-la-generalitat-es-sangrante-para-la-provincia\/","title":{"rendered":"Mayte Garc\u00eda repite al frente del PSOE de la Marina Baixa: \u00abEl presupuesto de la Generalitat es sangrante para la provincia\u00bb"},"content":{"rendered":"  <p><div data-adtype=\"MLDB\"><\/div><\/p>   <p>Benidorm<\/p>   <p>La concejala alfasina y diputada auton\u00f3mica Mayte Garc\u00eda se proclamaba de nuevo este fin de semana en Altea secretar\u00eda general del PSPV-PSOE de la Marina Baixa por aclamaci\u00f3n ante m\u00e1s de 200 personas. <\/p>   <p>Garc\u00eda, que lleva m\u00e1s de una d\u00e9cada al frente de la ejecutiva socialista comarca, ha atribuido en <a href=\"https:\/\/cadenaser.com\/tag\/benidorm\/a\/\" target=\"_blank\" rel=\"nofollow\" title=\"https:\/\/cadenaser.com\/tag\/benidorm\/a\/\">La Ventana de la Marina Baixa<\/a> los resultados en las anteriores elecciones municipales, cuando el PSOE perdi\u00f3 las alcald\u00edas de La Vila Joiosa o Polop y obtuvo un pobre resultado en Benidorm, a que buena parte de la poblaci\u00f3n vot\u00f3 en clave nacional: \u201cNo se vio el trabajo en los ayuntamientos\u201d.<\/p>   <p>En Polop, donde la socialista s\u00ed fue la lista m\u00e1s votada, Garc\u00eda ha hablado de \u201ccordialidad\u201d y de \u201cintentar reconducir\u201d para explorar un acuerdo con la concejala no adscrita, ex de Comprom\u00eds, Angela Fuster, que con su voto en el pleno decidi\u00f3 la alcald\u00eda para el PP y se ha integrado en su gobierno.<\/p>  <p><p>M\u00e1s informaci\u00f3n<\/p><figure><img loading=\"lazy\" decoding=\"async\" src=\"https:\/\/cadenaser.com\/resizer\/v2\/LMFQKCEKYIQICY62S57SQCDLDY.jpg?auth=33edb374c26c5efcedfdc25e03fbe77bb939dd70c4a4e4f433da0a5af51779c1&amp;quality=70&amp;width=360&amp;height=202&amp;smart=true\" width=\"820\" height=\"621\" \/><\/figure><ul><li><a href=\"https:\/\/cadenaser.com\/comunitat-valenciana\/2025\/05\/26\/benidorm-y-generalitat-firman-el-convenio-para-renovar-la-depuradora-y-varias-estaciones-de-bombeo-con-145-millones-radio-benidorm\/\"><span>Benidorm y Generalitat firman el convenio para renovar la depuradora y varias estaciones de bombeo con 14,5 millones<\/span><\/a><\/li><\/ul><\/p>   <p>Sobre la reivindicaci\u00f3n de m\u00e1s inversi\u00f3n del Consorcio de Aguas de la Marina Baixa a la Confederaci\u00f3n Hidrogr\u00e1fica del J\u00facar, dependiente del Gobierno central, Garc\u00eda ha subrayado que el congreso comarcal de los socialistas ha aprobado la propuesta de la desaladora como uno de sus objetivos prioritarios. La Marina Baixa es la \u00fanica comarca de la Comunitat Valenciana que sigue en situaci\u00f3n de emergencia por sequ\u00eda.<\/p>   <p>Respecto a la organizaci\u00f3n interna y la nueva ejecutiva comarcal, aprobada por todos los delegados asistentes, destacan entre los nombres el de Tere \u00c1guila, de Benidorm, como secretar\u00eda de Organizaci\u00f3n; la vicesecretar\u00eda para Isabel Perona, de la Vila Joiosa; en Presidencia contin\u00faa Mar\u00eda Teresa Signes, de T\u00e0rbena; Pol\u00edtica Municipal, Mari Carmen Mascar\u00f3 de Callosa d\u2019en Sarri\u00e0; y en Pol\u00edtica Institucional, Gabriel Fern\u00e1ndez, de Polop de la Marina.<\/p> ","protected":false},"excerpt":{"rendered":"<p>La secretaria general marca como prioridad de los socialistas el proyecto de la planta desaladora en la comarca<\/p>\n","protected":false},"author":0,"featured_media":15395,"comment_status":"open","ping_status":"open","sticky":false,"template":"","format":"standard","meta":{"_acf_changed":false,"footnotes":""},"categories":[1],"tags":[],"class_list":["post-15394","post","type-post","status-publish","format-standard","has-post-thumbnail","hentry","category-sin-categoria"],"acf":{"ser_id":"V3BVYIQNLZCD3JNWISUCHMPXS4","ser_url":"https:\/\/cadenaser.com\/comunitat-valenciana\/2025\/05\/26\/mayte-garcia-repite-al-frente-del-psoe-de-la-marina-baixa-el-presupuesto-de-la-generalitat-es-sangrante-para-la-provincia-radio-benidorm\/"},"_links":{"self":[{"href":"https:\/\/serbenidorm.daliisolutions.com\/index.php\/wp-json\/wp\/v2\/posts\/15394","targetHints":{"allow":["GET"]}}],"collection":[{"href":"https:\/\/serbenidorm.daliisolutions.com\/index.php\/wp-json\/wp\/v2\/posts"}],"about":[{"href":"https:\/\/serbenidorm.daliisolutions.com\/index.php\/wp-json\/wp\/v2\/types\/post"}],"replies":[{"embeddable":true,"href":"https:\/\/serbenidorm.daliisolutions.com\/index.php\/wp-json\/wp\/v2\/comments?post=15394"}],"version-history":[{"count":0,"href":"https:\/\/serbenidorm.daliisolutions.com\/index.php\/wp-json\/wp\/v2\/posts\/15394\/revisions"}],"wp:featuredmedia":[{"embeddable":true,"href":"https:\/\/serbenidorm.daliisolutions.com\/index.php\/wp-json\/wp\/v2\/media\/15395"}],"wp:attachment":[{"href":"https:\/\/serbenidorm.daliisolutions.com\/index.php\/wp-json\/wp\/v2\/media?parent=15394"}],"wp:term":[{"taxonomy":"category","embeddable":true,"href":"https:\/\/serbenidorm.daliisolutions.com\/index.php\/wp-json\/wp\/v2\/categories?post=15394"},{"taxonomy":"post_tag","embeddable":true,"href":"https:\/\/serbenidorm.daliisolutions.com\/index.php\/wp-json\/wp\/v2\/tags?post=15394"}],"curies":[{"name":"wp","href":"https:\/\/api.w.org\/{rel}","templated":true}]}}