{"id":1540,"date":"2024-01-19T07:04:37","date_gmt":"2024-01-19T06:04:37","guid":{"rendered":"https:\/\/serbenidorm.daliisolutions.com\/index.php\/2024\/01\/19\/van-der-poel-y-van-aert-duelo-al-sol-de-benidorm-para-poner-fin-al-invierno\/"},"modified":"2024-01-19T07:04:37","modified_gmt":"2024-01-19T06:04:37","slug":"van-der-poel-y-van-aert-duelo-al-sol-de-benidorm-para-poner-fin-al-invierno","status":"publish","type":"post","link":"https:\/\/serbenidorm.daliisolutions.com\/index.php\/2024\/01\/19\/van-der-poel-y-van-aert-duelo-al-sol-de-benidorm-para-poner-fin-al-invierno\/","title":{"rendered":"Van der Poel y Van Aert, duelo al sol de Benidorm para poner fin al invierno"},"content":{"rendered":"  <p>Benidorm<\/p>   <p>La <a href=\"https:\/\/cadenaser.com\/comunitat-valenciana\/2023\/11\/30\/pascual-momparler-avanza-que-el-benidormcx-tendra-a-los-tres-grandes-tenores-del-peloton-radio-benidorm\/\" target=\"_blank\" rel=\"noopener\">Copa del Mundo de ciclocross de Benidorm<\/a> que este domingo se disputar\u00e1 en los parques de El Moralet y Foietes reglar\u00e1 a los aficionados el sexto y \u00faltimo enfrentamiento directo de la temporada entre dos de las grandes figuras del ciclismo mundial y, sin duda, los mejores especialistas de la <a href=\"https:\/\/cadenaser.com\/tag\/ciclocross\/a\/\" target=\"_blank\" rel=\"noopener\">modalidad invernal<\/a>: <a href=\"https:\/\/cadenaser.com\/tag\/mathieu_van_der_poel\/a\/\" target=\"_blank\" rel=\"noopener\">Mathieu Van der Poel<\/a> y <a href=\"https:\/\/cadenaser.com\/tag\/wout_van_aert\/a\/\" target=\"_blank\" rel=\"noopener\">Wout van Aert<\/a>. Una fiesta a la que se sumar\u00e1, para regocijo de la afici\u00f3n local y nacional, el vilero Felipe Orts s\u00f3lo una semana despu\u00e9s de haberse anotado su sexto t\u00edtulo de campe\u00f3n de Espa\u00f1a y con el claro objetivo de repetir e, incluso, mejorar el top10 conseguido hace ahora doce meses.<\/p>   <p>La prueba de este domingo en Benidorm tendr\u00e1 otros muchos alicientes, pero, sin duda alguna, el mayor de todos ellos es ese duelo al sol previsto entre el actual campe\u00f3n del mundo en carretera y ciclocross, Van der Poel, y el que para muchos es uno de los ciclistas m\u00e1s completos de su generaci\u00f3n, Van Aert.<\/p>  <p><p>M\u00e1s informaci\u00f3n<\/p><figure><img decoding=\"async\" src=\"https:\/\/cadenaser.com\/resizer\/IuJY8VNirmXEqF9SVhWSWMrTdDQ=\/650x366\/filters:quality(70)\/cloudfront-eu-central-1.images.arcpublishing.com\/prisaradio\/QF3ZDUQRQJGABEEQ5I2W5UMERY.JPG\" loading=\"lazy\" width=\"828\" height=\"621\" \/><\/figure><ul><li><a href=\"https:\/\/cadenaser.com\/comunitat-valenciana\/2023\/10\/11\/la-fiesta-del-ciclocross-en-benidorm-volvera-a-durar-todo-el-fin-de-semana-radio-benidorm\/\">La fiesta del ciclocross en Benidorm volver\u00e1 a durar todo el fin de semana<\/a><\/li><\/ul><\/p>   <p>Por el momento, en las seis \u00fanicas carreras en las que ambos han coincidido este invierno el balance es aplastante: seis triunfos para el neerland\u00e9s por ninguno del belga. Van der Poel, adem\u00e1s, ha disputado otras cuatro carreras en las que su principal n\u00e9mesis no ha estado presente y all\u00ed tambi\u00e9n ha alzado siempre los brazos, sumando por lo tanto un total de diez triunfos elevando su palmar\u00e9s \u2018crossista\u2019 a 161 victorias en la categor\u00eda elite.<\/p>   <p>El dominio del corredor del Alpecin-Deceuninck es tal que, incluso estando lejos de las 292 victorias con las que termin\u00f3 su carrera el legendario Sven Nys, ya hay quien le sit\u00faa como el mejor especialista de la historia habida cuenta de que hace ya varios a\u00f1os de que el actual campe\u00f3n del mundo compagina el ciclocross con la carretera (y tambi\u00e9n la bici de monta\u00f1a) y, por lo tanto, no disputa la totalidad del invierno, algo que Nys nunca se atrevi\u00f3 a abordar.<\/p>   <p>Dos semanas despu\u00e9s de su \u00faltimo enfrentamiento directo, Van der Poel y Van Aert reaparecer\u00e1n despu\u00e9s de haber estado concentrados en distintos puntos de la geograf\u00eda espa\u00f1ola con sus respectivos equipos. El primero, con el objetivo de preparar la campa\u00f1a de grandes cl\u00e1sicas de carretera y su asalto al mundial de T\u00e1bor, donde podr\u00eda sumar su sexto arco\u00edris y colocarse a s\u00f3lo un t\u00edtulo del legendario Eric De Vlaeminck igualando, adem\u00e1s, el n\u00famero total de medallas del belga (8) en los campeonatos del mundo.<\/p>   <p>La pretemporada de Van Aert, por su parte, gira por completo en torno a su debut en el Giro de Italia y, por supuesto, la dif\u00edcil conjunci\u00f3n de la \u2018Corsa Rosa\u2019 con las cl\u00e1sicas de primavera, donde se ha marcado Flandes y Roubaix como principales objetivos, lo que le ha llevado a renunciar al mundial de ciclocross.<\/p>   <p><b>Felipe Orts, a disfrutar de la fiesta<\/b><\/p>   <p>Muchos ojos estar\u00e1n tambi\u00e9n puestos sobre <a href=\"https:\/\/cadenaser.com\/tag\/felipe_orts_lloret\/a\/\" target=\"_blank\" rel=\"noopener\">Felipe Orts<\/a>, seis veces campe\u00f3n de Espa\u00f1a y <a href=\"https:\/\/cadenaser.com\/comunitat-valenciana\/2024\/01\/15\/felipe-sexto-de-espana-radio-benidorm\/\" target=\"_blank\" rel=\"noopener\">mejor especialista espa\u00f1ol de todos los tiempos<\/a>. El corredor de <a href=\"https:\/\/cadenaser.com\/comunitat-valenciana\/2023\/12\/21\/la-vila-joiosa-sera-el-principal-patrocinador-de-felipe-orts-radio-benidorm\/\" target=\"_blank\" rel=\"noopener\">La Vila Joiosa<\/a> ha completado, a sus 28 a\u00f1os, la que ha sido <a href=\"https:\/\/cadenaser.com\/comunitat-valenciana\/2023\/11\/11\/felipe-orts-primer-podio-espanol-en-el-superprestigio-radio-benidorm\/\" target=\"_blank\" rel=\"noopener\">su mejor temporada de siempre<\/a> y regresa a Benidorm con la intenci\u00f3n de repetir el top10 conseguido el a\u00f1o pasado y, a ser posible, a mejorar la novena posici\u00f3n obtenida entonces.<\/p>  <p><p>M\u00e1s informaci\u00f3n<\/p><figure><img decoding=\"async\" src=\"https:\/\/cadenaser.com\/resizer\/M9Sjv3tDri7Ia82ITrBPWw1Xfdo=\/650x366\/filters:quality(70)\/cloudfront-eu-central-1.images.arcpublishing.com\/prisaradio\/CQ4AOQ5TPRGHVCA222CUK33HVE.jpg\" loading=\"lazy\" width=\"828\" height=\"621\" \/><\/figure><ul><li><a href=\"https:\/\/cadenaser.com\/comunitat-valenciana\/2024\/01\/15\/felipe-sexto-de-espana-radio-benidorm\/\">Felipe, sexto de Espa\u00f1a<\/a><\/li><\/ul><\/p>   <p>M\u00e1s all\u00e1 de todos esos alicientes en la prueba masculina, la carrera femenina tambi\u00e9n promete ser espectacular. En ella estar\u00e1n la totalidad de las grandes figuras de la especialidad, empezando por la ganadora en 2023 y absoluta dominadora de la actual campa\u00f1a, la neerlandesa y actual campeona del mundo, Fem van Empel.<\/p>   <p>La ciclista del Visma-Lease a Bike, ha sumado 14 triunfos en 16 carreras disputadas este invierno y parece estar un paso por encima de las que se intuyen como sus principales rivales: Ceylin del Carmen Alvarado, Puck Pieterse, Lucinda Brand o Mannon Bakker, entre otras.<\/p>   <p>Por parte de Espa\u00f1a, la gran baza volver\u00e1 a ser la asturiana Luc\u00eda Gonz\u00e1lez, de nuevo muy superior hace una semana en el campeonato de Espa\u00f1a de Amurrio donde, como Felipe Orts, consigui\u00f3 su sexto t\u00edtulo de campeona nacional.<\/p>   <p>Gonz\u00e1lez tratar\u00e1 este a\u00f1o de meterse en el top20 en Benidorm despu\u00e9s de rozar ese logro el pasado a\u00f1o cuando acab\u00f3 en 22\u00aa posici\u00f3n.<\/p> ","protected":false},"excerpt":{"rendered":"<p>Felipe Orts buscar\u00e1 ponerle la guinda a su mejor temporada en la Copa del Mundo de El Moralet y Foietes<\/p>\n","protected":false},"author":0,"featured_media":1541,"comment_status":"open","ping_status":"open","sticky":false,"template":"","format":"standard","meta":{"_acf_changed":false,"footnotes":""},"categories":[16],"tags":[],"class_list":["post-1540","post","type-post","status-publish","format-standard","has-post-thumbnail","hentry","category-deportes"],"acf":{"ser_id":"PHF7C4A7XRDQVCDNNW7MDE34SA","ser_url":"https:\/\/cadenaser.com\/comunitat-valenciana\/2024\/01\/19\/van-der-poel-y-van-aert-duelo-al-sol-de-benidorm-para-poner-fin-al-invierno-radio-benidorm\/"},"_links":{"self":[{"href":"https:\/\/serbenidorm.daliisolutions.com\/index.php\/wp-json\/wp\/v2\/posts\/1540","targetHints":{"allow":["GET"]}}],"collection":[{"href":"https:\/\/serbenidorm.daliisolutions.com\/index.php\/wp-json\/wp\/v2\/posts"}],"about":[{"href":"https:\/\/serbenidorm.daliisolutions.com\/index.php\/wp-json\/wp\/v2\/types\/post"}],"replies":[{"embeddable":true,"href":"https:\/\/serbenidorm.daliisolutions.com\/index.php\/wp-json\/wp\/v2\/comments?post=1540"}],"version-history":[{"count":0,"href":"https:\/\/serbenidorm.daliisolutions.com\/index.php\/wp-json\/wp\/v2\/posts\/1540\/revisions"}],"wp:featuredmedia":[{"embeddable":true,"href":"https:\/\/serbenidorm.daliisolutions.com\/index.php\/wp-json\/wp\/v2\/media\/1541"}],"wp:attachment":[{"href":"https:\/\/serbenidorm.daliisolutions.com\/index.php\/wp-json\/wp\/v2\/media?parent=1540"}],"wp:term":[{"taxonomy":"category","embeddable":true,"href":"https:\/\/serbenidorm.daliisolutions.com\/index.php\/wp-json\/wp\/v2\/categories?post=1540"},{"taxonomy":"post_tag","embeddable":true,"href":"https:\/\/serbenidorm.daliisolutions.com\/index.php\/wp-json\/wp\/v2\/tags?post=1540"}],"curies":[{"name":"wp","href":"https:\/\/api.w.org\/{rel}","templated":true}]}}