{"id":15406,"date":"2025-05-27T11:53:22","date_gmt":"2025-05-27T09:53:22","guid":{"rendered":"https:\/\/serbenidorm.daliisolutions.com\/index.php\/2025\/05\/27\/piden-12-anos-de-carcel-a-un-hombre-por-violar-una-menor-de-edad-durante-una-nochevieja-en-benidorm\/"},"modified":"2025-05-27T11:53:22","modified_gmt":"2025-05-27T09:53:22","slug":"piden-12-anos-de-carcel-a-un-hombre-por-violar-una-menor-de-edad-durante-una-nochevieja-en-benidorm","status":"publish","type":"post","link":"https:\/\/serbenidorm.daliisolutions.com\/index.php\/2025\/05\/27\/piden-12-anos-de-carcel-a-un-hombre-por-violar-una-menor-de-edad-durante-una-nochevieja-en-benidorm\/","title":{"rendered":"Piden 12 a\u00f1os de c\u00e1rcel a un hombre por violar una menor de edad durante una nochevieja en Benidorm"},"content":{"rendered":"  <p><div data-adtype=\"MLDB\"><\/div><\/p>   <p>Benidorm<\/p>   <p>Este martes est\u00e1 previsto el inicio en la Audiencia Provincial de Alicante el juicio a un hombre acusado de forzar sexualmente a una amiga que ten\u00eda 14 a\u00f1os en el momento de los hechos en Benidorm.<\/p>   <p>Seg\u00fan ha comunicado el Tribunal Superior de Justicia de la Comunitat Valenciana (TSJCV) la violaci\u00f3n se habr\u00eda producido el <a href=\"https:\/\/cadenaser.com\/tag\/benidorm\/a\/\" target=\"_blank\" rel=\"nofollow\" title=\"https:\/\/cadenaser.com\/tag\/benidorm\/a\/\">31 de diciembre de 2022<\/a> despu\u00e9s de que procesado y v\u00edctima, junto a otros amigos, pasaran la noche en una zona de bares de la ciudad. <\/p>  <p><p>M\u00e1s informaci\u00f3n<\/p><figure><img loading=\"lazy\" decoding=\"async\" src=\"https:\/\/cadenaser.com\/resizer\/v2\/LAJI4BRKHVBEHOSJDKGVM25CBM.jpg?auth=a4102f995a5902033e11cefa8079b1068b8924500d51ca220f4b4646ac99c59f&amp;quality=70&amp;width=360&amp;height=202&amp;smart=true\" width=\"820\" height=\"621\" \/><\/figure><ul><li><a href=\"https:\/\/cadenaser.com\/comunitat-valenciana\/2025\/05\/23\/los-vecinos-del-casco-antiguo-de-villajoyosa-denuncian-la-proliferacion-de-cajetines-en-las-viviendas-turisticas-radio-benidorm\/\"><span>Los vecinos del Casco Antiguo de Villajoyosa denuncian la proliferaci\u00f3n de cajetines en las viviendas tur\u00edsticas<\/span><\/a><\/li><\/ul><\/p>   <p>El Ministerio Fiscal sostiene que, sobre las cuatro y media de la madrugada, el hombre invit\u00f3 a la menor a subir a su casa para que bebiera agua debido a que \u00e9sta se sent\u00eda indispuesta. <\/p>   <p>Cuando ambos estaban en la vivienda, el encausado la habr\u00eda forzado sexualmente pese a que la v\u00edctima no consinti\u00f3 a mantener relaciones sexuales, se neg\u00f3 en todo momento a las mismas y le pidi\u00f3 al encausado que parara.<\/p>   <p>Por todo ello la Fiscal\u00eda solicita inicialmente doce a\u00f1os y medio de prisi\u00f3n para este acusado de un delito de agresi\u00f3n sexual a menor de edad.<\/p> ","protected":false},"excerpt":{"rendered":"<p>La v\u00edctima ten\u00eda 14 a\u00f1os en el momento de los hechos<\/p>\n","protected":false},"author":0,"featured_media":15407,"comment_status":"open","ping_status":"open","sticky":false,"template":"","format":"standard","meta":{"_acf_changed":false,"footnotes":""},"categories":[1],"tags":[],"class_list":["post-15406","post","type-post","status-publish","format-standard","has-post-thumbnail","hentry","category-sin-categoria"],"acf":{"ser_id":"TWO6PVLWQZDF3M4NKELHNO2IYM","ser_url":"https:\/\/cadenaser.com\/comunitat-valenciana\/2025\/05\/27\/piden-12-anos-de-carcel-a-un-hombre-por-violar-una-menor-de-edad-durante-una-nochevieja-en-benidorm-radio-benidorm\/"},"_links":{"self":[{"href":"https:\/\/serbenidorm.daliisolutions.com\/index.php\/wp-json\/wp\/v2\/posts\/15406","targetHints":{"allow":["GET"]}}],"collection":[{"href":"https:\/\/serbenidorm.daliisolutions.com\/index.php\/wp-json\/wp\/v2\/posts"}],"about":[{"href":"https:\/\/serbenidorm.daliisolutions.com\/index.php\/wp-json\/wp\/v2\/types\/post"}],"replies":[{"embeddable":true,"href":"https:\/\/serbenidorm.daliisolutions.com\/index.php\/wp-json\/wp\/v2\/comments?post=15406"}],"version-history":[{"count":0,"href":"https:\/\/serbenidorm.daliisolutions.com\/index.php\/wp-json\/wp\/v2\/posts\/15406\/revisions"}],"wp:featuredmedia":[{"embeddable":true,"href":"https:\/\/serbenidorm.daliisolutions.com\/index.php\/wp-json\/wp\/v2\/media\/15407"}],"wp:attachment":[{"href":"https:\/\/serbenidorm.daliisolutions.com\/index.php\/wp-json\/wp\/v2\/media?parent=15406"}],"wp:term":[{"taxonomy":"category","embeddable":true,"href":"https:\/\/serbenidorm.daliisolutions.com\/index.php\/wp-json\/wp\/v2\/categories?post=15406"},{"taxonomy":"post_tag","embeddable":true,"href":"https:\/\/serbenidorm.daliisolutions.com\/index.php\/wp-json\/wp\/v2\/tags?post=15406"}],"curies":[{"name":"wp","href":"https:\/\/api.w.org\/{rel}","templated":true}]}}