{"id":15415,"date":"2025-05-27T14:10:17","date_gmt":"2025-05-27T12:10:17","guid":{"rendered":"https:\/\/serbenidorm.daliisolutions.com\/index.php\/2025\/05\/27\/port-benidorm-hotel-spa-celebra-la-tercera-edicion-de-su-fiesta-de-san-juan\/"},"modified":"2025-05-27T14:10:17","modified_gmt":"2025-05-27T12:10:17","slug":"port-benidorm-hotel-spa-celebra-la-tercera-edicion-de-su-fiesta-de-san-juan","status":"publish","type":"post","link":"https:\/\/serbenidorm.daliisolutions.com\/index.php\/2025\/05\/27\/port-benidorm-hotel-spa-celebra-la-tercera-edicion-de-su-fiesta-de-san-juan\/","title":{"rendered":"Port Benidorm Hotel &amp; Spa celebra la tercera edici\u00f3n de su fiesta de San Juan"},"content":{"rendered":"  <p><div data-adtype=\"MLDB\"><\/div><\/p>   <p>Benidorm<\/p>   <p>El rooftop La Terrasse, ubicado en la planta 18 + 1 de Port Benidorm Hotel &amp; Spa, acoger\u00e1 la tercera edici\u00f3n de su ya consolidada Noche de San Juan, una velada dise\u00f1ada para dar la bienvenida al verano desde uno de los enclaves m\u00e1s privilegiados del skyline de Benidorm. Una velada que combina m\u00fasica, cocteler\u00eda, una propuesta gastron\u00f3mica muy cuidada y las mejores vistas al Mediterr\u00e1neo.<\/p>   <p>La celebraci\u00f3n dar\u00e1 comienzo a las 20:00 horas con una cena tipo c\u00f3ctel, compuesta por una selecci\u00f3n de platillos de autor, acompa\u00f1ada de una hora y media de barra libre, todo ello en un entorno exclusivo con vistas panor\u00e1micas al mar.<\/p>   <p>La ambientaci\u00f3n musical combinar\u00e1 actuaci\u00f3n en directo con intervenciones en vivo al saxof\u00f3n, creando una atm\u00f3sfera elegante y envolvente que acompa\u00f1ar\u00e1 a los asistentes durante toda la velada.<\/p>   <p>Como en ediciones anteriores, el evento retoma la tem\u00e1tica White Party, recomend\u00e1ndose asistir vestido de blanco, en consonancia con el esp\u00edritu simb\u00f3lico y festivo de esta noche tan especial.<\/p>   <p>Situada en la azotea de Port Benidorm Hotel &amp; Spa, La Terrasse se ha consolidado como un espacio de referencia gracias a su carta de c\u00f3cteles, su cuidada programaci\u00f3n de eventos y su privilegiada ubicaci\u00f3n frente al Mediterr\u00e1neo. Un enclave ideal para disfrutar de los mejores atardeceres de Benidorm en un ambiente exclusivo.<\/p>   <p>Las entradas ya est\u00e1n disponibles al precio de 32 euros, a trav\u00e9s de la p\u00e1gina oficial de Port Hotels: https:\/\/landings.porthotels.es\/landings\/reservas-san-juan-la-terrasse<\/p> ","protected":false},"excerpt":{"rendered":"<p>El pr\u00f3ximo s\u00e1bado 21 de Junio a partir de las 20:00 horas<\/p>\n","protected":false},"author":0,"featured_media":15416,"comment_status":"open","ping_status":"open","sticky":false,"template":"","format":"standard","meta":{"_acf_changed":false,"footnotes":""},"categories":[1],"tags":[],"class_list":["post-15415","post","type-post","status-publish","format-standard","has-post-thumbnail","hentry","category-sin-categoria"],"acf":{"ser_id":"RAFJFCOTSNH2PAL6OXUNPOEUOQ","ser_url":"https:\/\/cadenaser.com\/comunitat-valenciana\/2025\/05\/27\/port-benidorm-hotel-spa-celebra-la-tercera-edicion-de-su-fiesta-de-san-juan-radio-benidorm\/"},"_links":{"self":[{"href":"https:\/\/serbenidorm.daliisolutions.com\/index.php\/wp-json\/wp\/v2\/posts\/15415","targetHints":{"allow":["GET"]}}],"collection":[{"href":"https:\/\/serbenidorm.daliisolutions.com\/index.php\/wp-json\/wp\/v2\/posts"}],"about":[{"href":"https:\/\/serbenidorm.daliisolutions.com\/index.php\/wp-json\/wp\/v2\/types\/post"}],"replies":[{"embeddable":true,"href":"https:\/\/serbenidorm.daliisolutions.com\/index.php\/wp-json\/wp\/v2\/comments?post=15415"}],"version-history":[{"count":0,"href":"https:\/\/serbenidorm.daliisolutions.com\/index.php\/wp-json\/wp\/v2\/posts\/15415\/revisions"}],"wp:featuredmedia":[{"embeddable":true,"href":"https:\/\/serbenidorm.daliisolutions.com\/index.php\/wp-json\/wp\/v2\/media\/15416"}],"wp:attachment":[{"href":"https:\/\/serbenidorm.daliisolutions.com\/index.php\/wp-json\/wp\/v2\/media?parent=15415"}],"wp:term":[{"taxonomy":"category","embeddable":true,"href":"https:\/\/serbenidorm.daliisolutions.com\/index.php\/wp-json\/wp\/v2\/categories?post=15415"},{"taxonomy":"post_tag","embeddable":true,"href":"https:\/\/serbenidorm.daliisolutions.com\/index.php\/wp-json\/wp\/v2\/tags?post=15415"}],"curies":[{"name":"wp","href":"https:\/\/api.w.org\/{rel}","templated":true}]}}