{"id":1542,"date":"2024-01-19T07:04:38","date_gmt":"2024-01-19T06:04:38","guid":{"rendered":"https:\/\/serbenidorm.daliisolutions.com\/index.php\/2024\/01\/19\/el-club-voleibol-playas-de-benidorm-inicia-la-remontada-hacia-el-ascenso\/"},"modified":"2024-01-19T07:04:38","modified_gmt":"2024-01-19T06:04:38","slug":"el-club-voleibol-playas-de-benidorm-inicia-la-remontada-hacia-el-ascenso","status":"publish","type":"post","link":"https:\/\/serbenidorm.daliisolutions.com\/index.php\/2024\/01\/19\/el-club-voleibol-playas-de-benidorm-inicia-la-remontada-hacia-el-ascenso\/","title":{"rendered":"El Club Voleibol Playas de Benidorm inicia la remontada hacia el ascenso"},"content":{"rendered":"  <p>Benidorm<\/p>   <p>Cinco semanas despu\u00e9s de disputarse la \u00faltima jornada de la primera vuelta, la Superliga 2 masculina y femenina retoma la actividad con los dos equipos del <a href=\"https:\/\/cadenaser.com\/tag\/club_voleibol_playas_benidorm\/a\/\">Club Voleibol Playas de Benidorm<\/a> centrados en sustanciar la remontada que les lleve a ocupar los puestos que dan acceso a la promoci\u00f3n de ascenso al final de esta fase regular, que llegar\u00e1 a su conclusi\u00f3n el primer fin de semana del mes de abril.<\/p>   <p>Para esta primera fecha de la segunda vuelta, el v\u00f3ley comarcal tiene una cita de gran calado con la disputa del derbi entre el Medsur-Finestrat, que esta vez actuar\u00e1 como local, y el HolaCV-Benidorm, en un partido que arrancar\u00e1 a las 12:30 horas del domingo, 21 de enero.<\/p>  <p><p>M\u00e1s informaci\u00f3n<\/p><figure><img decoding=\"async\" src=\"https:\/\/cadenaser.com\/resizer\/0M-C4_pTXTv1GMfGzMh0f5XAFQc=\/650x366\/filters:quality(70)\/cloudfront-eu-central-1.images.arcpublishing.com\/prisaradio\/YUBMOAN6EBEOPMMW275ZTC5YCM.JPG\" loading=\"lazy\" width=\"828\" height=\"621\" \/><\/figure><ul><li><a href=\"https:\/\/cadenaser.com\/comunitat-valenciana\/2023\/09\/21\/todos-los-partidos-los-horarios-y-los-resultados-del-voleibol-2023-2024-radio-benidorm\/\">Todos los partidos, los horarios y los resultados del voleibol 2023-2024<\/a><\/li><\/ul><\/p>   <p>Los dos equipos llegan en un muy buen momento de forma. Por un lado, el Medusr-Finestrat se ha conseguido asentar en la zona media de la tabla, ya muy lejos de los puestos de descenso y, por lo tanto, con la mitad del trabajo de su temporada de debut en la categor\u00eda de plata hecho.<\/p>   <p>Por otro lado, <a href=\"https:\/\/cadenaser.com\/comunitat-valenciana\/2023\/12\/17\/doble-victoria-agridulce-para-los-equipos-del-club-voleibol-playas-de-benidorm-radio-benidorm\/\">el HolaCV-Benidorm buscar\u00e1 mantener la fenomenal racha con la que termin\u00f3 el a\u00f1o 2023<\/a> encadenando seis victorias consecutivas y encajando \u00fanicamente dos sets en contra en todo ese tiempo. A las de Nacho Madaleno, eso s\u00ed, no les sirvi\u00f3 ese buen tramo final de la primera vuelta para alcanzar los dos primeros puestos de la clasificaci\u00f3n, que son los que dan acceso a la pelea por el pasaporte a la Superliga Iberdrola y que ahora ocupan Cartagena y Madrid Chamber\u00ed con tres y dos puntos de ventaja, respectivamente, sobre las del Pabell\u00f3n Ra\u00fal Mesa, que ocupan la cuarta posici\u00f3n.<\/p>   <p><b>El Servigroup-Benidorm arranca con examen<\/b><\/p>   <p>En una situaci\u00f3n muy parecida a la de las chicas se encuentra el Servigroup-Benidorm masculino, que termin\u00f3 la primera vuelta en tercera posici\u00f3n a once puntos del Legan\u00e9s, l\u00edder invicto del grupo, y a cuatro del Utrera, segunda clasificado.<\/p>   <p>Este fin de semana los de Adriano Lamb viajar\u00e1n hasta la cancha del Almer\u00eda (s\u00e1bado, 19:30 horas), un equipo de mitad de tabla, pero que ya estuvo a punto de dar la sorpresa en el Pabell\u00f3n Ra\u00fal Mesa el pasado mes de septiembre cuando fue capaz de forzar el quinto set ante un Servigroup-Benidorm que acab\u00f3 llev\u00e1ndose el triunfo por 3-2 y parciales de 25-19, 21-25, 25-22, 19-25 y 15-12.<\/p>   <p>Por lo tanto, y aunque sobre el papel los de Adriano Lamb son superiores a los almerienses, este primer asalto de la segunda vuelta debe de ser entendido como un importante examen para comprobar, sobre todo, si el equipo ha podido dar alg\u00fan paso adelante en su proceso de mejora para, a la postre, aspirar a una de las dos plazas en la promoci\u00f3n de ascenso.<\/p> ","protected":false},"excerpt":{"rendered":"<p>La Superliga 2 femenina retoma la competici\u00f3n con el derbi comarcal entre HolaCV-Benidorm y Medsur-Finestrat<\/p>\n","protected":false},"author":0,"featured_media":1543,"comment_status":"open","ping_status":"open","sticky":false,"template":"","format":"standard","meta":{"_acf_changed":false,"footnotes":""},"categories":[16],"tags":[],"class_list":["post-1542","post","type-post","status-publish","format-standard","has-post-thumbnail","hentry","category-deportes"],"acf":{"ser_id":"ACUYOP7N4JEVJFCJZBUJXDHS3A","ser_url":"https:\/\/cadenaser.com\/comunitat-valenciana\/2024\/01\/19\/el-club-voleibol-playas-de-benidorm-inicia-la-remontada-hacia-el-ascenso-radio-benidorm\/"},"_links":{"self":[{"href":"https:\/\/serbenidorm.daliisolutions.com\/index.php\/wp-json\/wp\/v2\/posts\/1542","targetHints":{"allow":["GET"]}}],"collection":[{"href":"https:\/\/serbenidorm.daliisolutions.com\/index.php\/wp-json\/wp\/v2\/posts"}],"about":[{"href":"https:\/\/serbenidorm.daliisolutions.com\/index.php\/wp-json\/wp\/v2\/types\/post"}],"replies":[{"embeddable":true,"href":"https:\/\/serbenidorm.daliisolutions.com\/index.php\/wp-json\/wp\/v2\/comments?post=1542"}],"version-history":[{"count":0,"href":"https:\/\/serbenidorm.daliisolutions.com\/index.php\/wp-json\/wp\/v2\/posts\/1542\/revisions"}],"wp:featuredmedia":[{"embeddable":true,"href":"https:\/\/serbenidorm.daliisolutions.com\/index.php\/wp-json\/wp\/v2\/media\/1543"}],"wp:attachment":[{"href":"https:\/\/serbenidorm.daliisolutions.com\/index.php\/wp-json\/wp\/v2\/media?parent=1542"}],"wp:term":[{"taxonomy":"category","embeddable":true,"href":"https:\/\/serbenidorm.daliisolutions.com\/index.php\/wp-json\/wp\/v2\/categories?post=1542"},{"taxonomy":"post_tag","embeddable":true,"href":"https:\/\/serbenidorm.daliisolutions.com\/index.php\/wp-json\/wp\/v2\/tags?post=1542"}],"curies":[{"name":"wp","href":"https:\/\/api.w.org\/{rel}","templated":true}]}}