{"id":15421,"date":"2025-05-27T14:28:39","date_gmt":"2025-05-27T12:28:39","guid":{"rendered":"https:\/\/serbenidorm.daliisolutions.com\/index.php\/2025\/05\/27\/empiezan-las-obras-de-la-zona-multiaventura-en-el-parc-de-la-sequia-mare-de-benidorm\/"},"modified":"2025-05-27T14:28:39","modified_gmt":"2025-05-27T12:28:39","slug":"empiezan-las-obras-de-la-zona-multiaventura-en-el-parc-de-la-sequia-mare-de-benidorm","status":"publish","type":"post","link":"https:\/\/serbenidorm.daliisolutions.com\/index.php\/2025\/05\/27\/empiezan-las-obras-de-la-zona-multiaventura-en-el-parc-de-la-sequia-mare-de-benidorm\/","title":{"rendered":"Empiezan las obras de la zona multiaventura en el Parc de la Sequia Mare de Benidorm"},"content":{"rendered":"  <p><div data-adtype=\"MLDB\"><\/div><\/p>   <p>Benidorm<\/p>   <p>El Parque de la Sequia Mare de Benidorm contar\u00e1, antes de que finalice el a\u00f1o, con una zona de acampada y multiaventura. Las obras, con un plazo de ejecuci\u00f3n de seis meses, dieron comienzo la semana pasada y suponen una inversi\u00f3n de 710.253 euros recogida dentro del Plan de Sostenibilidad Tur\u00edstica en Destino 2023.<\/p>   <p>Los trabajos los esta ejecutando la empresa adjudicataria Mediterr\u00e1neo de Obras y Asfaltos SA y cuentan con financiaci\u00f3n europea de fondos Next Generation a trav\u00e9s del Plan de Recuperaci\u00f3n, Transformaci\u00f3n y Resiliencia.<\/p>   <p>La nueva zona se est\u00e1 construyendo junto al albergue juvenil y centro de interpretaci\u00f3n. Una ubicaci\u00f3n que permite, en palabras del alcalde Toni P\u00e9rez, \u201cir completando la configuraci\u00f3n de este espacio verde como punto de encuentro de la ciudadan\u00eda en general y de la poblaci\u00f3n juvenil en particular\u201d.<\/p>   <p>Un complejo que aboga por promover valores de sostenibilidad, convivencia y ocio saludable y que P\u00e9rez afirma estar seguro de que \u201ctendr\u00e1 una importante demanda\u201d y que se convertir\u00e1 en \u201cun espacio pr\u00e1cticamente \u00fanico en la provincia, que adem\u00e1s servir\u00e1 para poner en valor toda nuestra riqueza medioambiental e hist\u00f3rica\u201d.<\/p> ","protected":false},"excerpt":{"rendered":"<p>La previsi\u00f3n es que est\u00e9 lista en invierno<\/p>\n","protected":false},"author":0,"featured_media":0,"comment_status":"open","ping_status":"open","sticky":false,"template":"","format":"standard","meta":{"_acf_changed":false,"footnotes":""},"categories":[1],"tags":[],"class_list":["post-15421","post","type-post","status-publish","format-standard","hentry","category-sin-categoria"],"acf":{"ser_id":"DHOMALYA4NBI7MXHJAAO4IAJQI","ser_url":"https:\/\/cadenaser.com\/comunitat-valenciana\/2025\/05\/27\/empiezan-las-obras-de-la-zona-multiaventura-en-el-parc-de-la-sequia-mare-de-benidorm-radio-benidorm\/"},"_links":{"self":[{"href":"https:\/\/serbenidorm.daliisolutions.com\/index.php\/wp-json\/wp\/v2\/posts\/15421","targetHints":{"allow":["GET"]}}],"collection":[{"href":"https:\/\/serbenidorm.daliisolutions.com\/index.php\/wp-json\/wp\/v2\/posts"}],"about":[{"href":"https:\/\/serbenidorm.daliisolutions.com\/index.php\/wp-json\/wp\/v2\/types\/post"}],"replies":[{"embeddable":true,"href":"https:\/\/serbenidorm.daliisolutions.com\/index.php\/wp-json\/wp\/v2\/comments?post=15421"}],"version-history":[{"count":0,"href":"https:\/\/serbenidorm.daliisolutions.com\/index.php\/wp-json\/wp\/v2\/posts\/15421\/revisions"}],"wp:attachment":[{"href":"https:\/\/serbenidorm.daliisolutions.com\/index.php\/wp-json\/wp\/v2\/media?parent=15421"}],"wp:term":[{"taxonomy":"category","embeddable":true,"href":"https:\/\/serbenidorm.daliisolutions.com\/index.php\/wp-json\/wp\/v2\/categories?post=15421"},{"taxonomy":"post_tag","embeddable":true,"href":"https:\/\/serbenidorm.daliisolutions.com\/index.php\/wp-json\/wp\/v2\/tags?post=15421"}],"curies":[{"name":"wp","href":"https:\/\/api.w.org\/{rel}","templated":true}]}}