{"id":1544,"date":"2024-01-19T07:04:39","date_gmt":"2024-01-19T06:04:39","guid":{"rendered":"https:\/\/serbenidorm.daliisolutions.com\/index.php\/2024\/01\/19\/el-benidorm-cierra-la-primera-vuelta-visitando-al-callosa-deportiva\/"},"modified":"2024-01-19T07:04:39","modified_gmt":"2024-01-19T06:04:39","slug":"el-benidorm-cierra-la-primera-vuelta-visitando-al-callosa-deportiva","status":"publish","type":"post","link":"https:\/\/serbenidorm.daliisolutions.com\/index.php\/2024\/01\/19\/el-benidorm-cierra-la-primera-vuelta-visitando-al-callosa-deportiva\/","title":{"rendered":"El Benidorm cierra la primera vuelta visitando al Callosa Deportiva"},"content":{"rendered":"  <p>Benidorm<\/p>   <p>Tras <a href=\"https:\/\/cadenaser.com\/comunitat-valenciana\/2024\/01\/15\/el-benidorm-reestrena-el-guillermo-amor-con-una-victoria-muy-sufrida-radio-benidorm\/\">la fiesta vivida el pasado fin de semana en el Estadio Guillermo Amor<\/a>, el <a href=\"https:\/\/cadenaser.com\/tag\/club_futbol_benidorm\/a\/\">C.F. Benidorm<\/a>tratar\u00e1 de que no se le atragante la resaca de los fastos vividos en su regreso a su casa cerrando la primera vuelta visitando al Callosa Deportiva, equipo de la zona baja de la tabla y, por lo tanto, una buena oportunidad para seguir cimentando ese liderato que le ha llevado a proclamarse campe\u00f3n de invierno aventajando al Eldense B en seis puntos.<\/p>   <p>Los de Miguel \u00c1ngel Mart\u00ednez se han consolidado en ese papel de claros favoritos al ascenso que muchos les asignaron ya antes incluso de comenzar la temporada y que los resultados obtenidos hasta ahora han terminado por confirmar.<\/p>   <p>Antes de comenzar la segunda vuelta, los del Guillermo Amor deben de viajar hasta Callosa de Segura para v\u00e9rselas con un equipo al que s\u00f3lo un punto le separa de la zona de descenso y que, tras haber encadenado tres derrotas consecutivas, est\u00e1 muy necesitado de revertir su din\u00e1mica para no caer en la zona peligrosa.<\/p>   <p><b>La Nuc\u00eda, a por la sorpresa<\/b><\/p>   <p>Por su parte, <a href=\"https:\/\/cadenaser.com\/tag\/club_futbol_la_nucia\/a\/\">La Nuc\u00eda<\/a> recibe este fin de semana al Espanyol B, uno de los dos \u00fanicos equipos a los que ha podido ganar en la presente temporada. Fue el d\u00eda 10 de septiembre del pasado a\u00f1o cuando los rojillos, entrenados en aquel momento por Ra\u00fal Garrido, se impusieron por 1-2 al equipo barcelon\u00e9s, pero la andadura del equipo en estos cuatro meses y medio ha hecho que ya casi nada sea como era entonces.<\/p>   <p>Tras el empate arrancado la pasada semana en su visita al segundo clasificado, el Lleida, el conjunto de Mario Cartagena vuelve al Camilo Cano con la misi\u00f3n de sumar los tres puntos y comenzar de esta manera la complicad\u00edsima misi\u00f3n de remontar hacia los puestos de permanencia, un objetivo que est\u00e1 a once puntos de distancia cuando s\u00f3lo restan 48 por disputarse.<\/p> ","protected":false},"excerpt":{"rendered":"<p>La Nuc\u00eda tratar\u00e1 de iniciar su remontada recibiendo al Espanyol B<\/p>\n","protected":false},"author":0,"featured_media":1545,"comment_status":"open","ping_status":"open","sticky":false,"template":"","format":"standard","meta":{"_acf_changed":false,"footnotes":""},"categories":[16],"tags":[],"class_list":["post-1544","post","type-post","status-publish","format-standard","has-post-thumbnail","hentry","category-deportes"],"acf":{"ser_id":"C3QFA2HWANCNXE2VWCLL3ZJPDQ","ser_url":"https:\/\/cadenaser.com\/comunitat-valenciana\/2024\/01\/19\/el-benidorm-cierra-la-primera-vuelta-visitando-al-callosa-deportiva-radio-benidorm\/"},"_links":{"self":[{"href":"https:\/\/serbenidorm.daliisolutions.com\/index.php\/wp-json\/wp\/v2\/posts\/1544","targetHints":{"allow":["GET"]}}],"collection":[{"href":"https:\/\/serbenidorm.daliisolutions.com\/index.php\/wp-json\/wp\/v2\/posts"}],"about":[{"href":"https:\/\/serbenidorm.daliisolutions.com\/index.php\/wp-json\/wp\/v2\/types\/post"}],"replies":[{"embeddable":true,"href":"https:\/\/serbenidorm.daliisolutions.com\/index.php\/wp-json\/wp\/v2\/comments?post=1544"}],"version-history":[{"count":0,"href":"https:\/\/serbenidorm.daliisolutions.com\/index.php\/wp-json\/wp\/v2\/posts\/1544\/revisions"}],"wp:featuredmedia":[{"embeddable":true,"href":"https:\/\/serbenidorm.daliisolutions.com\/index.php\/wp-json\/wp\/v2\/media\/1545"}],"wp:attachment":[{"href":"https:\/\/serbenidorm.daliisolutions.com\/index.php\/wp-json\/wp\/v2\/media?parent=1544"}],"wp:term":[{"taxonomy":"category","embeddable":true,"href":"https:\/\/serbenidorm.daliisolutions.com\/index.php\/wp-json\/wp\/v2\/categories?post=1544"},{"taxonomy":"post_tag","embeddable":true,"href":"https:\/\/serbenidorm.daliisolutions.com\/index.php\/wp-json\/wp\/v2\/tags?post=1544"}],"curies":[{"name":"wp","href":"https:\/\/api.w.org\/{rel}","templated":true}]}}