{"id":15446,"date":"2025-05-28T13:30:53","date_gmt":"2025-05-28T11:30:53","guid":{"rendered":"https:\/\/serbenidorm.daliisolutions.com\/index.php\/2025\/05\/28\/delito-de-odio-en-villajoyosa-empieza-el-juicio-a-un-hombre-por-insultos-racistas-en-un-centro-de-salud\/"},"modified":"2025-05-28T13:30:53","modified_gmt":"2025-05-28T11:30:53","slug":"delito-de-odio-en-villajoyosa-empieza-el-juicio-a-un-hombre-por-insultos-racistas-en-un-centro-de-salud","status":"publish","type":"post","link":"https:\/\/serbenidorm.daliisolutions.com\/index.php\/2025\/05\/28\/delito-de-odio-en-villajoyosa-empieza-el-juicio-a-un-hombre-por-insultos-racistas-en-un-centro-de-salud\/","title":{"rendered":"Delito de odio en Villajoyosa: empieza el juicio a un hombre por insultos racistas en un centro de salud"},"content":{"rendered":"  <p><div data-adtype=\"MLDB\"><\/div><\/p>   <p>La Vila Joiosa<\/p>   <p>Este mi\u00e9rcoles est\u00e1 previsto el inicio del juicio en la Audiencia Provincial de Alicante a un hombre acusado de insultar a una mujer inmigrante que estaba por delante de el en la cola de un centro de salud de Villajoyosa.<\/p>   <p>Seg\u00fan ha comunicado el Tribunal Superior de Justicia de la Comunitat Valenciana (TSJCV) los hechos ocurrieron el 1 de agosto de 2023 cuando, mantiene la acusaci\u00f3n p\u00fablica,<a href=\"https:\/\/cadenaser.com\/tag\/benidorm\/a\/\" target=\"_blank\" rel=\"nofollow\" title=\"https:\/\/cadenaser.com\/tag\/benidorm\/a\/\"> la v\u00edctima se encontraba esperando su turno y lleg\u00f3 el acusado<\/a>.<\/p>  <p><p>M\u00e1s informaci\u00f3n<\/p><figure><img loading=\"lazy\" decoding=\"async\" src=\"https:\/\/cadenaser.com\/resizer\/v2\/7JMJT63YIJMHJN2FXICUZNZDIU.jpg?auth=b33a18eeebdc3b6abf921ed459cc3aa40239a7aebbde6cd131e4b95d0a10362b&amp;quality=70&amp;width=360&amp;height=202&amp;smart=true\" width=\"820\" height=\"621\" \/><\/figure><ul><li><a href=\"https:\/\/cadenaser.com\/comunitat-valenciana\/2025\/05\/28\/la-policia-detiene-en-benidorm-a-dos-hombres-por-estafar-a-una-mujer-y-robarle-14000-euros-de-su-cuenta-radio-benidorm\/\"><span>La Polic\u00eda detiene en Benidorm a dos hombres por estafar a una mujer y robarle 14.000 euros de su cuenta<\/span><\/a><\/li><\/ul><\/p>   <p>Con la intenci\u00f3n de atentar contra la dignidad de la v\u00edctima por su origen racial, la atac\u00f3 verbalmente delante del resto de usuarios y trabajadores del centro con expresiones como \u2018mora de mierda\u2019, \u2018tienes que ir al centro de salud de Marruecos\u2019 o \u2018es mi turno y estoy hasta los cojones de los moros de mierda\u2019. <\/p>   <p>A continuaci\u00f3n, el hombre se acerc\u00f3 a la mujer y levant\u00f3 la mano y la coloc\u00f3 cerca de su cara mientras la insultaba. Con todo la Fiscal\u00eda solicita inicialmente una pena de prisi\u00f3n de un a\u00f1o por un delito de odio.<\/p> ","protected":false},"excerpt":{"rendered":"<p>La Fiscal\u00eda solicita un a\u00f1o de prisi\u00f3n<\/p>\n","protected":false},"author":0,"featured_media":15447,"comment_status":"open","ping_status":"open","sticky":false,"template":"","format":"standard","meta":{"_acf_changed":false,"footnotes":""},"categories":[1],"tags":[],"class_list":["post-15446","post","type-post","status-publish","format-standard","has-post-thumbnail","hentry","category-sin-categoria"],"acf":{"ser_id":"T7NUF7LEYBCRLASMWNMSICUFOA","ser_url":"https:\/\/cadenaser.com\/comunitat-valenciana\/2025\/05\/28\/delito-de-odio-en-villajoyosa-empieza-el-juicio-a-un-hombre-por-insultos-racistas-en-un-centro-de-salud-radio-benidorm\/"},"_links":{"self":[{"href":"https:\/\/serbenidorm.daliisolutions.com\/index.php\/wp-json\/wp\/v2\/posts\/15446","targetHints":{"allow":["GET"]}}],"collection":[{"href":"https:\/\/serbenidorm.daliisolutions.com\/index.php\/wp-json\/wp\/v2\/posts"}],"about":[{"href":"https:\/\/serbenidorm.daliisolutions.com\/index.php\/wp-json\/wp\/v2\/types\/post"}],"replies":[{"embeddable":true,"href":"https:\/\/serbenidorm.daliisolutions.com\/index.php\/wp-json\/wp\/v2\/comments?post=15446"}],"version-history":[{"count":0,"href":"https:\/\/serbenidorm.daliisolutions.com\/index.php\/wp-json\/wp\/v2\/posts\/15446\/revisions"}],"wp:featuredmedia":[{"embeddable":true,"href":"https:\/\/serbenidorm.daliisolutions.com\/index.php\/wp-json\/wp\/v2\/media\/15447"}],"wp:attachment":[{"href":"https:\/\/serbenidorm.daliisolutions.com\/index.php\/wp-json\/wp\/v2\/media?parent=15446"}],"wp:term":[{"taxonomy":"category","embeddable":true,"href":"https:\/\/serbenidorm.daliisolutions.com\/index.php\/wp-json\/wp\/v2\/categories?post=15446"},{"taxonomy":"post_tag","embeddable":true,"href":"https:\/\/serbenidorm.daliisolutions.com\/index.php\/wp-json\/wp\/v2\/tags?post=15446"}],"curies":[{"name":"wp","href":"https:\/\/api.w.org\/{rel}","templated":true}]}}