{"id":15457,"date":"2025-05-28T14:19:48","date_gmt":"2025-05-28T12:19:48","guid":{"rendered":"https:\/\/serbenidorm.daliisolutions.com\/index.php\/2025\/05\/28\/patrimonio-historico-piezas-desconocidas-en-el-museo-hort-de-colon-de-benidorm\/"},"modified":"2025-05-28T14:19:48","modified_gmt":"2025-05-28T12:19:48","slug":"patrimonio-historico-piezas-desconocidas-en-el-museo-hort-de-colon-de-benidorm","status":"publish","type":"post","link":"https:\/\/serbenidorm.daliisolutions.com\/index.php\/2025\/05\/28\/patrimonio-historico-piezas-desconocidas-en-el-museo-hort-de-colon-de-benidorm\/","title":{"rendered":"Patrimonio Hist\u00f3rico: Piezas desconocidas en el Museo Hort de Colon de Benidorm"},"content":{"rendered":"  <p><div data-adtype=\"MLDB\"><\/div><\/p>   <p>Benidorm<\/p>   <p>El Ayuntamiento de Benidorm ha iniciado una intervenci\u00f3n en l\u2019Hort de Col\u00f3n con el fin de mejorar el inmueble tanto en la est\u00e9tica exterior e interior como para ejecutar peque\u00f1as<a href=\"https:\/\/cadenaser.com\/comunitat-valenciana\/2022\/07\/21\/benidorm-solicita-una-subvencion-a-diputacion-para-actuar-en-lhort-de-colon-radio-benidorm\/\" target=\"_blank\" rel=\"nofollow\" title=\"https:\/\/cadenaser.com\/comunitat-valenciana\/2022\/07\/21\/benidorm-solicita-una-subvencion-a-diputacion-para-actuar-en-lhort-de-colon-radio-benidorm\/\"> reparaciones necesarias con el objetivo de que luzca su mejor aspecto<\/a> antes de que durante la temporada estival se retome la programaci\u00f3n.<\/p>   <p>En <a href=\"https:\/\/radiobenidorm.es\" target=\"_blank\" rel=\"nofollow\" title=\"https:\/\/radiobenidorm.es\">Hoy por Hoy Benidorm<\/a>, Ana Pellicer y Fernando Mah\u00edques han detallado los trabajos que se est\u00e1 realizando y que se prev\u00e9 tener finalizados en tres semanas. \u00abLos trabajos que se van a realizar se centran b\u00e1sicamente en labores de pintura en la fachada para que tenga el aspecto anterior a la obra de refuerzo de la estructura, que era de un color amarillo suave\u00bb, han indicado. Adem\u00e1s, se pintar\u00e1n tambi\u00e9n las rejas de la propia fachada y se ejecutar\u00e1n peque\u00f1as reparaciones tambi\u00e9n de pintura en el interior de dos ventanas ubicadas en la planta baja. <\/p>   <p>Igualmente se sustituir\u00e1n las cerraduras de las puertas, que se encuentran deterioradas por el paso del tiempo, as\u00ed como tambi\u00e9n se reparar\u00e1n los cierres de la puerta principal de entrada que da a la calle Tom\u00e1s Ortu\u00f1o. <\/p>   <p>Mahiques han adelantado que tras estos trabajos volver\u00e1 a l&#8217;Hort de Col\u00f3n el mobiliario de la casa en el que podremos encontrar piezas tan interesantes como \u00abun trinchador que serv\u00eda para trinchar y servir la carne\u00bb y otras piezas que proceden tanto de los due\u00f1os originales de la casa como de donaciones de otras familias pero \u00absiempre se trata de muebles originales de la \u00e9poca\u00bb.<\/p>   <p>Pellicer destaca que estos trabajos son previos al inicio de las <a href=\"https:\/\/cadenaser.com\/comunitat-valenciana\/2025\/05\/07\/patrimonio-historico-risas-aseguradas-con-el-iv-festival-de-microteatro-de-benidorm-radio-benidorm\/\" target=\"_blank\" rel=\"nofollow\" title=\"https:\/\/cadenaser.com\/comunitat-valenciana\/2025\/05\/07\/patrimonio-historico-risas-aseguradas-con-el-iv-festival-de-microteatro-de-benidorm-radio-benidorm\/\">actividades previstas para el verano,<\/a> entre las que \u00abvuelven las visitas teatralizadas y las actuaciones musicales\u00bb.<\/p> ","protected":false},"excerpt":{"rendered":"<p>El Ayuntamiento acomete actuaciones de mejora en l&#8217;Hort de Col\u00f3n de cara a la programaci\u00f3n estival<\/p>\n","protected":false},"author":0,"featured_media":15458,"comment_status":"open","ping_status":"open","sticky":false,"template":"","format":"standard","meta":{"_acf_changed":false,"footnotes":""},"categories":[1],"tags":[],"class_list":["post-15457","post","type-post","status-publish","format-standard","has-post-thumbnail","hentry","category-sin-categoria"],"acf":{"ser_id":"GB76UMU3DREQBLYTY6FXZQJFEI","ser_url":"https:\/\/cadenaser.com\/comunitat-valenciana\/2025\/05\/28\/patrimonio-historico-piezas-desconocidas-en-el-museo-hort-de-colon-de-benidorm-radio-benidorm\/"},"_links":{"self":[{"href":"https:\/\/serbenidorm.daliisolutions.com\/index.php\/wp-json\/wp\/v2\/posts\/15457","targetHints":{"allow":["GET"]}}],"collection":[{"href":"https:\/\/serbenidorm.daliisolutions.com\/index.php\/wp-json\/wp\/v2\/posts"}],"about":[{"href":"https:\/\/serbenidorm.daliisolutions.com\/index.php\/wp-json\/wp\/v2\/types\/post"}],"replies":[{"embeddable":true,"href":"https:\/\/serbenidorm.daliisolutions.com\/index.php\/wp-json\/wp\/v2\/comments?post=15457"}],"version-history":[{"count":0,"href":"https:\/\/serbenidorm.daliisolutions.com\/index.php\/wp-json\/wp\/v2\/posts\/15457\/revisions"}],"wp:featuredmedia":[{"embeddable":true,"href":"https:\/\/serbenidorm.daliisolutions.com\/index.php\/wp-json\/wp\/v2\/media\/15458"}],"wp:attachment":[{"href":"https:\/\/serbenidorm.daliisolutions.com\/index.php\/wp-json\/wp\/v2\/media?parent=15457"}],"wp:term":[{"taxonomy":"category","embeddable":true,"href":"https:\/\/serbenidorm.daliisolutions.com\/index.php\/wp-json\/wp\/v2\/categories?post=15457"},{"taxonomy":"post_tag","embeddable":true,"href":"https:\/\/serbenidorm.daliisolutions.com\/index.php\/wp-json\/wp\/v2\/tags?post=15457"}],"curies":[{"name":"wp","href":"https:\/\/api.w.org\/{rel}","templated":true}]}}