{"id":15459,"date":"2025-05-28T14:19:50","date_gmt":"2025-05-28T12:19:50","guid":{"rendered":"https:\/\/serbenidorm.daliisolutions.com\/index.php\/2025\/05\/28\/cuenta-atras-para-el-concierto-de-bryan-adams-en-alicante\/"},"modified":"2025-05-28T14:19:50","modified_gmt":"2025-05-28T12:19:50","slug":"cuenta-atras-para-el-concierto-de-bryan-adams-en-alicante","status":"publish","type":"post","link":"https:\/\/serbenidorm.daliisolutions.com\/index.php\/2025\/05\/28\/cuenta-atras-para-el-concierto-de-bryan-adams-en-alicante\/","title":{"rendered":"Cuenta atr\u00e1s para el concierto de Bryan Adams en Alicante"},"content":{"rendered":"  <p><div data-adtype=\"MLDB\"><\/div><\/p>   <p>Alicante<\/p>   <p>El cantante Bryan Adams regresar\u00e1 a Alicante con su nueva gira dentro del ciclo Alicante Goldest, en esta ocasi\u00f3n en el recinto \u00c1rea 12, en el multiespacio Rabasa el 4 de junio de 2025. Con m\u00e1s de cuatro d\u00e9cadas de trayectoria a sus espaldas, Bryan Adams sigue siendo un referente indiscutible en la m\u00fasica rock, y la venta de entradas est\u00e1 disponible en <a href=\"https:\/\/www.iboleleproducciones.com\/\" target=\"_blank\" rel=\"nofollow\" title=\"https:\/\/www.iboleleproducciones.com\/\">iboleleproducciones.com<\/a> y en <a href=\"https:\/\/vivaticket.es\/\" target=\"_blank\" rel=\"nofollow\" title=\"https:\/\/vivaticket.es\/\">vivaticket.es<\/a>.<\/p>   <p>El canadiense, conocido por su energ\u00eda sobre el escenario, ha construido una carrera que combina grandes \u00e9xitos y giras memorables. Desde el ic\u00f3nico Summer of \u201969 hasta los temas m\u00e1s recientes de su \u00e1lbum So Happy It Hurts (nominado al Grammy), Adams no deja de reinventarse sin perder su esencia.<\/p>   <p>En su exitosa carrera, ha lanzado 17 \u00e1lbumes de estudio, incluyendo la banda sonora de Pretty Woman &#8211; The Musical (2022) y Classic pt. I y pt. II (2023), donde reinterpreta sus temas m\u00e1s emblem\u00e1ticos. <\/p>   <p>Con m\u00e1s de 75 millones de discos vendidos y n\u00fameros 1 en m\u00e1s de 40 pa\u00edses, entre sus losgors est\u00e1 el haber conseguido tres nominaciones al Oscar, cinco al Globo de Oro, un Grammy y 20 premios Juno avalando as\u00ed su legado.<\/p>   <p>A sus 64 a\u00f1os, Bryan Adams demuestra que su pasi\u00f3n por la m\u00fasica y los escenarios permanece intacta. Su puesta en escena vibrante y su capacidad para conectar con el p\u00fablico lo convierten en uno de los artistas m\u00e1s destacados del rock contempor\u00e1neo, algo que ya pudimos vivir hasta en dos ocasiones en la d\u00e9cada del 2000, una en 2003 en la Plaza de toros de Alicante y otra en 2008 en la Zona Volvo del puerto alicantino.<\/p> ","protected":false},"excerpt":{"rendered":"<p>El cantante canadiense vuelve a tierras alicantinas de la mano del ciclo Alicante Goldest- Legends Concerts en \u00c1rea 12<\/p>\n","protected":false},"author":0,"featured_media":15460,"comment_status":"open","ping_status":"open","sticky":false,"template":"","format":"standard","meta":{"_acf_changed":false,"footnotes":""},"categories":[1],"tags":[],"class_list":["post-15459","post","type-post","status-publish","format-standard","has-post-thumbnail","hentry","category-sin-categoria"],"acf":{"ser_id":"IMPMW7EPVVEQJO5G2LUSXBDZ6A","ser_url":"https:\/\/cadenaser.com\/comunitat-valenciana\/2025\/05\/28\/cuenta-atras-para-el-concierto-de-bryan-adams-en-alicante-radio-benidorm\/"},"_links":{"self":[{"href":"https:\/\/serbenidorm.daliisolutions.com\/index.php\/wp-json\/wp\/v2\/posts\/15459","targetHints":{"allow":["GET"]}}],"collection":[{"href":"https:\/\/serbenidorm.daliisolutions.com\/index.php\/wp-json\/wp\/v2\/posts"}],"about":[{"href":"https:\/\/serbenidorm.daliisolutions.com\/index.php\/wp-json\/wp\/v2\/types\/post"}],"replies":[{"embeddable":true,"href":"https:\/\/serbenidorm.daliisolutions.com\/index.php\/wp-json\/wp\/v2\/comments?post=15459"}],"version-history":[{"count":0,"href":"https:\/\/serbenidorm.daliisolutions.com\/index.php\/wp-json\/wp\/v2\/posts\/15459\/revisions"}],"wp:featuredmedia":[{"embeddable":true,"href":"https:\/\/serbenidorm.daliisolutions.com\/index.php\/wp-json\/wp\/v2\/media\/15460"}],"wp:attachment":[{"href":"https:\/\/serbenidorm.daliisolutions.com\/index.php\/wp-json\/wp\/v2\/media?parent=15459"}],"wp:term":[{"taxonomy":"category","embeddable":true,"href":"https:\/\/serbenidorm.daliisolutions.com\/index.php\/wp-json\/wp\/v2\/categories?post=15459"},{"taxonomy":"post_tag","embeddable":true,"href":"https:\/\/serbenidorm.daliisolutions.com\/index.php\/wp-json\/wp\/v2\/tags?post=15459"}],"curies":[{"name":"wp","href":"https:\/\/api.w.org\/{rel}","templated":true}]}}