{"id":1546,"date":"2024-01-19T07:04:40","date_gmt":"2024-01-19T06:04:40","guid":{"rendered":"https:\/\/serbenidorm.daliisolutions.com\/index.php\/2024\/01\/19\/el-ciclismo-europeo-echa-a-rodar-en-la-nucia\/"},"modified":"2024-01-19T07:04:40","modified_gmt":"2024-01-19T06:04:40","slug":"el-ciclismo-europeo-echa-a-rodar-en-la-nucia","status":"publish","type":"post","link":"https:\/\/serbenidorm.daliisolutions.com\/index.php\/2024\/01\/19\/el-ciclismo-europeo-echa-a-rodar-en-la-nucia\/","title":{"rendered":"El ciclismo europeo echa a rodar en La Nuc\u00eda"},"content":{"rendered":"  <p>Benidorm<\/p>   <p>La comarca de la Marina Baixa va a vivir este fin de semana una aut\u00e9ntica fiesta del ciclismo ya que a la celebraci\u00f3n en los parques de El Moralet y Foietes de la Copa del Mundo de ciclocross el domingo se unir\u00e1, 24 horas antes, la salida de la Cl\u00e0ssica Comunitat Valenciana-1969 (antiguo Trofeo Luis Puig) desde La Nuc\u00eda.<\/p>   <p>Se trata, adem\u00e1s, de la cita inaugural del ciclismo en ruta en Europa despu\u00e9s de que el calendario internacional se haya puesto en marcha esta misma semana con la disputa del Tour Down Under en Australia.<\/p>   <p>La prueba con salida en La Nuc\u00eda y meta en Val\u00e8ncia es, claramente, una carrera apta para los mejores sprinters del pelot\u00f3n entre los que destaca el velocista franc\u00e9s Bryan Coquard, con m\u00e1s de medio centenar de victorias en su palmar\u00e9s y, sin duda, el hombre a batir este s\u00e1bado.<\/p>   <p>La salida desde las inmediaciones de la Ciutat Esportiva Camilo Cano se dar\u00e1 a las 12:00 horas, pero los aficionados podr\u00e1n disfrutar durante las dos horas previas de la presencia de los ciclistas en la tradicional ceremonia del control de firmas, un momento ideal para estar cerca de los corredores y una oportunidad de oro para los cazadores de aut\u00f3grafos y selfies.<\/p>   <p>Durante los 200 kil\u00f3metros de recorrido, el pelot\u00f3n deber\u00e1 transitar por la cima del Coll de Rates (2\u00aa categor\u00eda) y el Alto de Barx (3\u00aa categor\u00eda), ambos situados en el primer tercio de la jornada y, por lo tanto, sin impacto en lo que a la resoluci\u00f3n de la misma se refiere.<\/p>   <p>Por ello, se espera que la victoria se decida al sprint en la l\u00ednea de meta que se ubicar\u00e1 en la avenida de Francia de Valencia.<\/p> ","protected":false},"excerpt":{"rendered":"<p>La Cl\u00e0ssica Comunitat Valenciana-1969, con final en Val\u00e8ncia, es la primera prueba del a\u00f1o en el Viejo Contiente<\/p>\n","protected":false},"author":0,"featured_media":1547,"comment_status":"open","ping_status":"open","sticky":false,"template":"","format":"standard","meta":{"_acf_changed":false,"footnotes":""},"categories":[16],"tags":[],"class_list":["post-1546","post","type-post","status-publish","format-standard","has-post-thumbnail","hentry","category-deportes"],"acf":{"ser_id":"ZJXTZCZXYNBTZF5C5EIWXHAD5U","ser_url":"https:\/\/cadenaser.com\/comunitat-valenciana\/2024\/01\/19\/el-ciclismo-europeo-echa-a-rodar-en-la-nucia-radio-benidorm\/"},"_links":{"self":[{"href":"https:\/\/serbenidorm.daliisolutions.com\/index.php\/wp-json\/wp\/v2\/posts\/1546","targetHints":{"allow":["GET"]}}],"collection":[{"href":"https:\/\/serbenidorm.daliisolutions.com\/index.php\/wp-json\/wp\/v2\/posts"}],"about":[{"href":"https:\/\/serbenidorm.daliisolutions.com\/index.php\/wp-json\/wp\/v2\/types\/post"}],"replies":[{"embeddable":true,"href":"https:\/\/serbenidorm.daliisolutions.com\/index.php\/wp-json\/wp\/v2\/comments?post=1546"}],"version-history":[{"count":0,"href":"https:\/\/serbenidorm.daliisolutions.com\/index.php\/wp-json\/wp\/v2\/posts\/1546\/revisions"}],"wp:featuredmedia":[{"embeddable":true,"href":"https:\/\/serbenidorm.daliisolutions.com\/index.php\/wp-json\/wp\/v2\/media\/1547"}],"wp:attachment":[{"href":"https:\/\/serbenidorm.daliisolutions.com\/index.php\/wp-json\/wp\/v2\/media?parent=1546"}],"wp:term":[{"taxonomy":"category","embeddable":true,"href":"https:\/\/serbenidorm.daliisolutions.com\/index.php\/wp-json\/wp\/v2\/categories?post=1546"},{"taxonomy":"post_tag","embeddable":true,"href":"https:\/\/serbenidorm.daliisolutions.com\/index.php\/wp-json\/wp\/v2\/tags?post=1546"}],"curies":[{"name":"wp","href":"https:\/\/api.w.org\/{rel}","templated":true}]}}