{"id":15481,"date":"2025-05-29T10:26:29","date_gmt":"2025-05-29T08:26:29","guid":{"rendered":"https:\/\/serbenidorm.daliisolutions.com\/index.php\/2025\/05\/29\/benidorm-corre-contra-la-ela-este-domingo-mas-de-700-personas-inscritas\/"},"modified":"2025-05-29T10:26:29","modified_gmt":"2025-05-29T08:26:29","slug":"benidorm-corre-contra-la-ela-este-domingo-mas-de-700-personas-inscritas","status":"publish","type":"post","link":"https:\/\/serbenidorm.daliisolutions.com\/index.php\/2025\/05\/29\/benidorm-corre-contra-la-ela-este-domingo-mas-de-700-personas-inscritas\/","title":{"rendered":"Benidorm corre contra la ELA este domingo: m\u00e1s de 700 personas inscritas"},"content":{"rendered":"  <p><div data-adtype=\"MLDB\"><\/div><\/p>   <p>Benidorm<\/p>   <p>La solidaridad y el deporte se vuelven a dar la mano en Benidorm este pr\u00f3ximo domingo con una carrera popular organizada por la Asociaci\u00f3n de Bomberos de la Marina Baixa para recaudar fondos con los que mejorar la calidad de vida de los enfermos de esclerosis lateral amiotr\u00f3fica (ELA).<\/p>   <p>El bombero Paco Pedrera ha contado en <a href=\"https:\/\/cadenaser.com\/tag\/benidorm\/a\/\" target=\"_blank\" rel=\"nofollow\" title=\"https:\/\/cadenaser.com\/tag\/benidorm\/a\/\">La Ventana de la Marina Baixa<\/a> la historia de esta carrera solidaria, la Transcostablanca, que empez\u00f3 hace seis a\u00f1os cubriendo los 42 kil\u00f3metros que separan Benidorm y Alicante. <\/p>   <p>Una prueba exigente que, a ra\u00edz de que la mujer de Pedrera fuera diagnosticada de ELA, ha dado luz a otra carrera paralela de cinco kil\u00f3metros por las calles de la zona de Levante de la capital tur\u00edstica y con la que recaudar fondos para luchar contra esta enfermedad. Otro paciente, el exfutbolista Juan Carlos Unzu\u00e9, ha animado a participar en ella con este v\u00eddeo:<\/p>   <p><div id=\"video_1748431903756\" style=\"width:100%\" class=\"c-pl-v cnt-vid-ply\"><img loading=\"lazy\" decoding=\"async\" src=\"https:\/\/cadenaser.com\/resizer\/v2\/https%3A%2F%2Fsdmedia.playser.cadenaser.com%2Fmcv%2Fplayser%2Fmultimedia%2F20250528%2F1060834_113158_still.0000001.jpg?auth=9e646c34476cda6d2473afe8b6af3a6328e747cf520908af1f6b8393d6cc37fe&amp;quality=70&amp;width=655&amp;height=368&amp;smart=true\" width=\"16\" height=\"9\" \/><\/div><\/p>   <p>Este bombero ha compartido tambi\u00e9n en la radio c\u00f3mo est\u00e1 siendo su experiencia como cuidador, agradeciendo la colaboraci\u00f3n de sus compa\u00f1eros del parque y la participaci\u00f3n en esta carrera que lleva ya m\u00e1s de 700 inscritos, confiando en alcanzar el millar antes del fin de semana. <\/p>   <p>Todo lo recaudado, ha detallado, se destinar\u00e1 a la asociaci\u00f3n ADELA de la Comunitat Valenciana; una organizaci\u00f3n que intenta ayudar a los pacientes de esta enfermedad degenerativa de tipo neuromuscular que no tiene cura y cuyos afectados necesitan numerosos recursos para sobrellevarla con la mayor calidad de vida posible. <\/p>  <p><p>M\u00e1s informaci\u00f3n<\/p><figure><img loading=\"lazy\" decoding=\"async\" src=\"https:\/\/cadenaser.com\/resizer\/v2\/XMNYEW32JNGHNH2A5JLTJFYGBQ.jpg?auth=30cdfd5ee39861a8da8b3c76d02435436b5553e10f534743b0abfaf2f6f563ce&amp;quality=70&amp;width=360&amp;height=202&amp;smart=true\" width=\"820\" height=\"621\" \/><\/figure><ul><li><a href=\"https:\/\/cadenaser.com\/nacional\/2025\/03\/02\/la-ley-ela-sigue-sin-desarrollo-ni-financiacion-cuatro-meses-despues-de-su-entrada-en-vigor-cadena-ser\/\"><span>La Ley ELA sigue sin desarrollo ni financiaci\u00f3n<\/span><\/a><\/li><\/ul><\/p>   <p>De hecho, Pedrera ha insistido en reivindicar al Gobierno de Espa\u00f1a que dote de presupuesto a la Ley ELA, que sigue sin desarrollo ni financiaci\u00f3n medio a\u00f1o despu\u00e9s de su entrada en vigor.<\/p>   <p>Inscripciones<\/p>   <p>Las inscripciones para correr en la carrera pueden realizarse a trav\u00e9s de la p\u00e1gina web <a href=\"http:\/\/www.grupobrotons.com\" target=\"_blank\" rel=\"nofollow\">www.grupobrotons.com<\/a> donde tambi\u00e9n habr\u00e1 opci\u00f3n de colaborar con un \u2018dorsal cero\u2019, de realizar donaciones o de participar en esta prueba en la modalidad de marcha. <\/p> ","protected":false},"excerpt":{"rendered":"<p>El impulsor de esta prueba de cinco kil\u00f3metros es un bombero de la ciudad cuya mujer ha sido diagnosticada con esta enfermedad<\/p>\n","protected":false},"author":0,"featured_media":15482,"comment_status":"open","ping_status":"open","sticky":false,"template":"","format":"standard","meta":{"_acf_changed":false,"footnotes":""},"categories":[1],"tags":[],"class_list":["post-15481","post","type-post","status-publish","format-standard","has-post-thumbnail","hentry","category-sin-categoria"],"acf":{"ser_id":"6FBMFLC4YZFIHPMA7G3SSKXNR4","ser_url":"https:\/\/cadenaser.com\/comunitat-valenciana\/2025\/05\/28\/benidorm-corre-contra-la-ela-este-domingo-mas-de-700-personas-inscritas-radio-benidorm\/"},"_links":{"self":[{"href":"https:\/\/serbenidorm.daliisolutions.com\/index.php\/wp-json\/wp\/v2\/posts\/15481","targetHints":{"allow":["GET"]}}],"collection":[{"href":"https:\/\/serbenidorm.daliisolutions.com\/index.php\/wp-json\/wp\/v2\/posts"}],"about":[{"href":"https:\/\/serbenidorm.daliisolutions.com\/index.php\/wp-json\/wp\/v2\/types\/post"}],"replies":[{"embeddable":true,"href":"https:\/\/serbenidorm.daliisolutions.com\/index.php\/wp-json\/wp\/v2\/comments?post=15481"}],"version-history":[{"count":0,"href":"https:\/\/serbenidorm.daliisolutions.com\/index.php\/wp-json\/wp\/v2\/posts\/15481\/revisions"}],"wp:featuredmedia":[{"embeddable":true,"href":"https:\/\/serbenidorm.daliisolutions.com\/index.php\/wp-json\/wp\/v2\/media\/15482"}],"wp:attachment":[{"href":"https:\/\/serbenidorm.daliisolutions.com\/index.php\/wp-json\/wp\/v2\/media?parent=15481"}],"wp:term":[{"taxonomy":"category","embeddable":true,"href":"https:\/\/serbenidorm.daliisolutions.com\/index.php\/wp-json\/wp\/v2\/categories?post=15481"},{"taxonomy":"post_tag","embeddable":true,"href":"https:\/\/serbenidorm.daliisolutions.com\/index.php\/wp-json\/wp\/v2\/tags?post=15481"}],"curies":[{"name":"wp","href":"https:\/\/api.w.org\/{rel}","templated":true}]}}