{"id":15495,"date":"2025-05-29T14:10:01","date_gmt":"2025-05-29T12:10:01","guid":{"rendered":"https:\/\/serbenidorm.daliisolutions.com\/index.php\/2025\/05\/29\/la-inteligencia-artificial-centrara-el-digital-tourist-2025-en-benidorm-la-tecnologia-va-por-delante\/"},"modified":"2025-05-29T14:10:01","modified_gmt":"2025-05-29T12:10:01","slug":"la-inteligencia-artificial-centrara-el-digital-tourist-2025-en-benidorm-la-tecnologia-va-por-delante","status":"publish","type":"post","link":"https:\/\/serbenidorm.daliisolutions.com\/index.php\/2025\/05\/29\/la-inteligencia-artificial-centrara-el-digital-tourist-2025-en-benidorm-la-tecnologia-va-por-delante\/","title":{"rendered":"La inteligencia artificial centrar\u00e1 el Digital Tourist 2025 en Benidorm: \u00abLa tecnolog\u00eda va por delante\u00bb"},"content":{"rendered":"  <p><div data-adtype=\"MLDB\"><\/div><\/p>   <p>Benidorm<\/p>   <p>La patronal tecnol\u00f3gica Ametic considera que sobran los motivos para elegir Benidorm como sede del congreso Digital Tourist por octava edici\u00f3n consecutiva y eso que pretendientes no le han faltado. Una de esas razones es la Plataforma Inteligente de Destinos, ubicada en la ciudad y eje fundamental de los debates que se dar\u00e1n en el <a href=\"https:\/\/cadenaser.com\/tag\/benidorm\/a\/\" target=\"_blank\" rel=\"nofollow\" title=\"https:\/\/cadenaser.com\/tag\/benidorm\/a\/\">Centro Cultural de la avenida Europa<\/a> del 4 al 6 de junio.<\/p>   <p>La importancia de esta herramienta, ha explicado el experto de Ametic John Mora, reside en su capacidad de tratamiento y en el intercambio de los datos de cada turista en su b\u00fasqueda y en su estancia, lo que permite \u00abrenovar la propuesta de valor de forma constante\u00bb.<\/p>  <p><p>M\u00e1s informaci\u00f3n<\/p><figure><img loading=\"lazy\" decoding=\"async\" src=\"https:\/\/cadenaser.com\/resizer\/v2\/5CPD2ONFBBD2RHXZX6SAZFPATM.jpg?auth=1564d0459f713d3512c292f9c836e0bb0c98d66c1e1c9cf8333a1d3c8c875a7b&amp;quality=70&amp;width=360&amp;height=202&amp;smart=true\" width=\"820\" height=\"621\" \/><\/figure><ul><li><a href=\"https:\/\/cadenaser.com\/comunitat-valenciana\/2025\/05\/28\/benidorm-corre-contra-la-ela-este-domingo-mas-de-700-personas-inscritas-radio-benidorm\/\"><span>Benidorm corre contra la ELA este domingo: m\u00e1s de 700 personas inscritas<\/span><\/a><\/li><\/ul><\/p>   <p>La inteligencia artificial, ha a\u00f1adido el presidente de la Comisi\u00f3n de <i>Smart Cities<\/i> de AMETIC Adolfo Borrero, ser\u00e1 otro tema transversal a cada mesa del Digital Tourist. An\u00e1lisis en los que participar\u00e1n administraciones p\u00fablicas y empresas como Microsoft, Telef\u00f3nica o Mastercard.<\/p>   <p>Como es costumbre el congreso tambi\u00e9n pondr\u00e1 el foco en una comunidad aut\u00f3noma, en este caso Cantabria, y servir\u00e1 para reconocer con hasta seis premios iniciativas destacadas en el \u00e1mbito tecnol\u00f3gico y tur\u00edstico.<\/p>   <p>Mora ha destacado adem\u00e1s otro desaf\u00edo a abordar en esta edici\u00f3n: el inminente proceso de licitaci\u00f3n de casi cien millones de euros para que las empresas digitales provean y mejoren las herramientas de hasta 46 destinos de Espa\u00f1a, entre ellos Benidorm, donde ir\u00e1n a parar m\u00e1s de tres millones.<\/p> ","protected":false},"excerpt":{"rendered":"<p>Medio millar de actores de las industrias tecnol\u00f3gica y tur\u00edstica participaran en la octava edici\u00f3n del congreso<\/p>\n","protected":false},"author":0,"featured_media":15496,"comment_status":"open","ping_status":"open","sticky":false,"template":"","format":"standard","meta":{"_acf_changed":false,"footnotes":""},"categories":[1],"tags":[],"class_list":["post-15495","post","type-post","status-publish","format-standard","has-post-thumbnail","hentry","category-sin-categoria"],"acf":{"ser_id":"LA4JM5M2CVFNVLEOEJ3KSJ5NBU","ser_url":"https:\/\/cadenaser.com\/comunitat-valenciana\/2025\/05\/29\/la-inteligencia-artificial-centrara-el-digital-tourist-2025-en-benidorm-la-tecnologia-va-por-delante-radio-benidorm\/"},"_links":{"self":[{"href":"https:\/\/serbenidorm.daliisolutions.com\/index.php\/wp-json\/wp\/v2\/posts\/15495","targetHints":{"allow":["GET"]}}],"collection":[{"href":"https:\/\/serbenidorm.daliisolutions.com\/index.php\/wp-json\/wp\/v2\/posts"}],"about":[{"href":"https:\/\/serbenidorm.daliisolutions.com\/index.php\/wp-json\/wp\/v2\/types\/post"}],"replies":[{"embeddable":true,"href":"https:\/\/serbenidorm.daliisolutions.com\/index.php\/wp-json\/wp\/v2\/comments?post=15495"}],"version-history":[{"count":0,"href":"https:\/\/serbenidorm.daliisolutions.com\/index.php\/wp-json\/wp\/v2\/posts\/15495\/revisions"}],"wp:featuredmedia":[{"embeddable":true,"href":"https:\/\/serbenidorm.daliisolutions.com\/index.php\/wp-json\/wp\/v2\/media\/15496"}],"wp:attachment":[{"href":"https:\/\/serbenidorm.daliisolutions.com\/index.php\/wp-json\/wp\/v2\/media?parent=15495"}],"wp:term":[{"taxonomy":"category","embeddable":true,"href":"https:\/\/serbenidorm.daliisolutions.com\/index.php\/wp-json\/wp\/v2\/categories?post=15495"},{"taxonomy":"post_tag","embeddable":true,"href":"https:\/\/serbenidorm.daliisolutions.com\/index.php\/wp-json\/wp\/v2\/tags?post=15495"}],"curies":[{"name":"wp","href":"https:\/\/api.w.org\/{rel}","templated":true}]}}