{"id":15510,"date":"2025-05-30T07:10:58","date_gmt":"2025-05-30T05:10:58","guid":{"rendered":"https:\/\/serbenidorm.daliisolutions.com\/index.php\/2025\/05\/30\/el-nispero-de-callosa-tambien-sufre-los-vaivenes-comerciales-de-trump-tras-su-mejor-campana-de-los-ultimos-tres-anos\/"},"modified":"2025-05-30T07:10:58","modified_gmt":"2025-05-30T05:10:58","slug":"el-nispero-de-callosa-tambien-sufre-los-vaivenes-comerciales-de-trump-tras-su-mejor-campana-de-los-ultimos-tres-anos","status":"publish","type":"post","link":"https:\/\/serbenidorm.daliisolutions.com\/index.php\/2025\/05\/30\/el-nispero-de-callosa-tambien-sufre-los-vaivenes-comerciales-de-trump-tras-su-mejor-campana-de-los-ultimos-tres-anos\/","title":{"rendered":"El n\u00edspero de Callosa tambi\u00e9n sufre los vaivenes comerciales de Trump tras su mejor campa\u00f1a de los \u00faltimos tres a\u00f1os"},"content":{"rendered":"  <p><div data-adtype=\"MLDB\"><\/div><\/p>   <p>Callosa d&#8217;En Sarri\u00e0<\/p>   <p>Los productores de N\u00edspero de Callosa tambi\u00e9n asisten con preocupaci\u00f3n a los juegos arancelarios de Trump a punto de terminar la mejor cosecha en los \u00faltimos tres a\u00f1os. Andr\u00e9s Llorca, presidente de la Cooperativa, ha confirmado que la incertidumbre ha lastrado el n\u00famero de env\u00edos a Estados Unidos, uno de los principales mercados.<\/p>   <p>Llorca ha explicado en <a href=\"https:\/\/cadenaser.com\/tag\/benidorm\/a\/\" target=\"_blank\" rel=\"nofollow\" title=\"https:\/\/cadenaser.com\/tag\/benidorm\/a\/\">La Ventana de la Marina Baixa<\/a> que adem\u00e1s afrontan un momento de transici\u00f3n en sus cultivos debido a la reconversi\u00f3n varietal que est\u00e1n probando y con la que conf\u00edan conseguir mayor producci\u00f3n y calidad de la fruta. <\/p>   <p>Las lluvias de marzo han sido, por el momento, un b\u00e1lsamo en la presente temporada, que a falta de unos d\u00edas para completarse ya arroja un incremento de la producci\u00f3n del 10% paralelo al crecimiento del calibre. No obstante el granizo, ha precisado, ha echado a perder los cultivos de algunos agricultores de la cooperativa.<\/p>   <p>Llorca tambi\u00e9n se ha sumado a la reivindicaci\u00f3n de la Uni\u00f3 Llauradora para que el ministerio de Agricultura rebaje la fiscalidad en la producci\u00f3n del n\u00edspero y ha reivindicado la Denominaci\u00f3n de Origen Callosa d&#8217;En Sarri\u00e0, de donde sale el 80% de la producci\u00f3n total de este fruto en Espa\u00f1a.<\/p>   <p>Adem\u00e1s, el presidente de los productores callosinos recuerda el problema para encontrar mano de obra en cada campa\u00f1a, que genera hasta mil puestos de trabajo en la comarca; algo que atribuye, entre otros factores, al problema de la vivienda. <\/p> ","protected":false},"excerpt":{"rendered":"<p>Se ha aumentado un 10% la producci\u00f3n a pesar de la reconversi\u00f3n varietal en marcha y el granizo que ha afectado a algunos cultivos<\/p>\n","protected":false},"author":0,"featured_media":15511,"comment_status":"open","ping_status":"open","sticky":false,"template":"","format":"standard","meta":{"_acf_changed":false,"footnotes":""},"categories":[1],"tags":[],"class_list":["post-15510","post","type-post","status-publish","format-standard","has-post-thumbnail","hentry","category-sin-categoria"],"acf":{"ser_id":"WXRQ2Q4ZVNDFPMSW6KJ3NM4424","ser_url":"https:\/\/cadenaser.com\/comunitat-valenciana\/2025\/05\/29\/el-nispero-de-callosa-tambien-sufre-los-vaivenes-comerciales-de-trump-tras-su-mejor-campana-de-los-ultimos-tres-anos-radio-benidorm\/"},"_links":{"self":[{"href":"https:\/\/serbenidorm.daliisolutions.com\/index.php\/wp-json\/wp\/v2\/posts\/15510","targetHints":{"allow":["GET"]}}],"collection":[{"href":"https:\/\/serbenidorm.daliisolutions.com\/index.php\/wp-json\/wp\/v2\/posts"}],"about":[{"href":"https:\/\/serbenidorm.daliisolutions.com\/index.php\/wp-json\/wp\/v2\/types\/post"}],"replies":[{"embeddable":true,"href":"https:\/\/serbenidorm.daliisolutions.com\/index.php\/wp-json\/wp\/v2\/comments?post=15510"}],"version-history":[{"count":0,"href":"https:\/\/serbenidorm.daliisolutions.com\/index.php\/wp-json\/wp\/v2\/posts\/15510\/revisions"}],"wp:featuredmedia":[{"embeddable":true,"href":"https:\/\/serbenidorm.daliisolutions.com\/index.php\/wp-json\/wp\/v2\/media\/15511"}],"wp:attachment":[{"href":"https:\/\/serbenidorm.daliisolutions.com\/index.php\/wp-json\/wp\/v2\/media?parent=15510"}],"wp:term":[{"taxonomy":"category","embeddable":true,"href":"https:\/\/serbenidorm.daliisolutions.com\/index.php\/wp-json\/wp\/v2\/categories?post=15510"},{"taxonomy":"post_tag","embeddable":true,"href":"https:\/\/serbenidorm.daliisolutions.com\/index.php\/wp-json\/wp\/v2\/tags?post=15510"}],"curies":[{"name":"wp","href":"https:\/\/api.w.org\/{rel}","templated":true}]}}