{"id":15525,"date":"2025-05-30T13:49:37","date_gmt":"2025-05-30T11:49:37","guid":{"rendered":"https:\/\/serbenidorm.daliisolutions.com\/index.php\/2025\/05\/30\/el-ayuntamiento-de-benidorm-sin-presupuesto-a-la-vista\/"},"modified":"2025-05-30T13:49:37","modified_gmt":"2025-05-30T11:49:37","slug":"el-ayuntamiento-de-benidorm-sin-presupuesto-a-la-vista","status":"publish","type":"post","link":"https:\/\/serbenidorm.daliisolutions.com\/index.php\/2025\/05\/30\/el-ayuntamiento-de-benidorm-sin-presupuesto-a-la-vista\/","title":{"rendered":"El Ayuntamiento de Benidorm, sin presupuesto a la vista"},"content":{"rendered":"  <p><div data-adtype=\"MLDB\"><\/div><\/p>   <p>Benidorm<\/p>   <p>El mes de mayo termina sin presupuestos municipales en el Ayuntamiento de Benidorm. En el \u00faltimo pleno, celebrado este viernes y en el que ha salido adelante destinar 10,2 millones del ahorro de 2024 a financiar proyectos en marcha y 19 a amortizar deuda, la oposici\u00f3n socialista ha apuntado a la mayor\u00eda absoluta de los populares para criticar que no hayan presentado todav\u00eda las cuentas.<\/p>   <p>El concejal del PSOE, Antonio Charco, ha insistido durante varios puntos de la sesi\u00f3n en este tema y ha aprovechado lo relativo a la aprobaci\u00f3n de facturas sin fiscalizaci\u00f3n por parte del interventor para pagar, por ejemplo, a la empresa que presta el servicio de recogida de basuras, con su contrato caducado desde hace siete a\u00f1os: <a href=\"https:\/\/cadenaser.com\/tag\/benidorm\/a\/\" target=\"_blank\" rel=\"nofollow\" title=\"https:\/\/cadenaser.com\/tag\/benidorm\/a\/\">\u00abSon 16 de 25 y no son capaces de aprobar unos presupuestos\u00bb<\/a>, ha subrayado.<\/p>  <p><p>M\u00e1s informaci\u00f3n<\/p><figure><img loading=\"lazy\" decoding=\"async\" src=\"https:\/\/cadenaser.com\/resizer\/v2\/PT64GXCBZZAGZJ2OHM7JGELMPA.JPG?auth=c38d39ef83f53314f4482eeb133cdc1da7767f293ff0cb66a230aeb2740c6d02&amp;quality=70&amp;width=360&amp;height=202&amp;smart=true\" width=\"820\" height=\"621\" \/><\/figure><ul><li><a href=\"https:\/\/cadenaser.com\/comunitat-valenciana\/2025\/05\/30\/condena-de-330-millones-a-benidorm-la-abogacia-de-la-generalitat-pide-que-se-desestime-el-incidente-de-nulidad-presentado-por-el-ayuntamiento-radio-benidorm\/\"><span>Condena de 330 millones a Benidorm: la Abogac\u00eda de la Generalitat pide rechazar el incidente de nulidad presentado por el Ayuntamiento<\/span><\/a><\/li><\/ul><\/p>   <p>Charco ha acusado \u00abinoperancia\u00bb por parte del gobierno local acus\u00e1ndoles de escudarse siempre en que \u00abla culpa es de Pedro S\u00e1nchez y el Bot\u00e1nico\u00bb. La edil de Hacienda, Aida Garc\u00eda Mayor, ha asegurado en ese sentido que \u00absi tenemos que destinarlo a amortizar deuda es porque el gobierno de Pedro S\u00e1nchez as\u00ed lo ha decidido al volver a las reglas fiscales que estaban suspendidas\u00bb.<\/p>   <p>Garc\u00eda Mayor ha defendido que \u00abpor supuesto que los n\u00fameros nos cuadran\u00bb y ha pedido al grupo socialista cautela por sus referencias a la <a href=\"https:\/\/cadenaser.com\/comunitat-valenciana\/2025\/05\/30\/condena-de-330-millones-a-benidorm-la-abogacia-de-la-generalitat-pide-que-se-desestime-el-incidente-de-nulidad-presentado-por-el-ayuntamiento-radio-benidorm\/\" target=\"_blank\" rel=\"nofollow\" title=\"https:\/\/cadenaser.com\/comunitat-valenciana\/2025\/05\/30\/condena-de-330-millones-a-benidorm-la-abogacia-de-la-generalitat-pide-que-se-desestime-el-incidente-de-nulidad-presentado-por-el-ayuntamiento-radio-benidorm\/\">condena de 330 millones por los suelos de Serra Gelada, cantidad que dobla el \u00faltimo presupuesto, contra la que el consistorio ha presentado un incidente de nulidad que la Abogac\u00eda de la Generalitat ha pedido por su parte que se rechace<\/a>: \u00abYa sabemos que tenemos una sentencia, pero tiene unos procedimientos judiciales presentados y vamos a tener prudencia en este asunto\u00bb.<\/p>   <p>\u00abCuando los t\u00e9cnicos municipales nos digan que podemos aprobar un presupuesto lo aprobaremos, tenemos un presupuesto 2024 prorrogado con el que estamos trabajando y por ahora no tenemos ninguna carencia\u00bb, ha asegurado la responsable de Hacienda.<\/p> ","protected":false},"excerpt":{"rendered":"<p>La concejala de Hacienda pide en el pleno prudencia a la oposici\u00f3n respecto a la sentencia de Serra Gelada<\/p>\n","protected":false},"author":0,"featured_media":15526,"comment_status":"open","ping_status":"open","sticky":false,"template":"","format":"standard","meta":{"_acf_changed":false,"footnotes":""},"categories":[1],"tags":[],"class_list":["post-15525","post","type-post","status-publish","format-standard","has-post-thumbnail","hentry","category-sin-categoria"],"acf":{"ser_id":"7U5SHI4HDBBXJPYDBTNTVOFFTI","ser_url":"https:\/\/cadenaser.com\/comunitat-valenciana\/2025\/05\/30\/el-ayuntamiento-de-benidorm-sin-presupuesto-a-la-vista-radio-benidorm\/"},"_links":{"self":[{"href":"https:\/\/serbenidorm.daliisolutions.com\/index.php\/wp-json\/wp\/v2\/posts\/15525","targetHints":{"allow":["GET"]}}],"collection":[{"href":"https:\/\/serbenidorm.daliisolutions.com\/index.php\/wp-json\/wp\/v2\/posts"}],"about":[{"href":"https:\/\/serbenidorm.daliisolutions.com\/index.php\/wp-json\/wp\/v2\/types\/post"}],"replies":[{"embeddable":true,"href":"https:\/\/serbenidorm.daliisolutions.com\/index.php\/wp-json\/wp\/v2\/comments?post=15525"}],"version-history":[{"count":0,"href":"https:\/\/serbenidorm.daliisolutions.com\/index.php\/wp-json\/wp\/v2\/posts\/15525\/revisions"}],"wp:featuredmedia":[{"embeddable":true,"href":"https:\/\/serbenidorm.daliisolutions.com\/index.php\/wp-json\/wp\/v2\/media\/15526"}],"wp:attachment":[{"href":"https:\/\/serbenidorm.daliisolutions.com\/index.php\/wp-json\/wp\/v2\/media?parent=15525"}],"wp:term":[{"taxonomy":"category","embeddable":true,"href":"https:\/\/serbenidorm.daliisolutions.com\/index.php\/wp-json\/wp\/v2\/categories?post=15525"},{"taxonomy":"post_tag","embeddable":true,"href":"https:\/\/serbenidorm.daliisolutions.com\/index.php\/wp-json\/wp\/v2\/tags?post=15525"}],"curies":[{"name":"wp","href":"https:\/\/api.w.org\/{rel}","templated":true}]}}