{"id":15529,"date":"2025-05-30T14:50:35","date_gmt":"2025-05-30T12:50:35","guid":{"rendered":"https:\/\/serbenidorm.daliisolutions.com\/index.php\/2025\/05\/30\/nueva-fecha-para-reabrir-el-tram-entre-benidorm-y-el-hospital-de-villajoyosa-tras-los-retrasos-en-la-obra\/"},"modified":"2025-05-30T14:50:35","modified_gmt":"2025-05-30T12:50:35","slug":"nueva-fecha-para-reabrir-el-tram-entre-benidorm-y-el-hospital-de-villajoyosa-tras-los-retrasos-en-la-obra","status":"publish","type":"post","link":"https:\/\/serbenidorm.daliisolutions.com\/index.php\/2025\/05\/30\/nueva-fecha-para-reabrir-el-tram-entre-benidorm-y-el-hospital-de-villajoyosa-tras-los-retrasos-en-la-obra\/","title":{"rendered":"Nueva fecha para reabrir el TRAM entre Benidorm y el Hospital de Villajoyosa tras los retrasos en la obra"},"content":{"rendered":"  <p><div data-adtype=\"MLDB\"><\/div><\/p>   <p>Benidorm<\/p>   <p>Con m\u00e1s de mes y medio de retraso respecto a las previsiones iniciales el conseller de Infraestructuras, Medio Ambiente y Territorio de la Generalitat Valenciana, Vicente Mart\u00ednez Mus, ha confirmado este viernes durante su visita a las obras de duplicaci\u00f3n y electrificaci\u00f3n de la v\u00eda que <a href=\"https:\/\/cadenaser.com\/tag\/benidorm\/a\/\" target=\"_blank\" rel=\"nofollow\" title=\"https:\/\/cadenaser.com\/tag\/benidorm\/a\/\">el tramo de TRAM entre Benidorm y el Hospital Marina Baixa, en Villajoyosa, volver\u00e1 a funcionar a partir del jueves 12 de junio<\/a>.<\/p>   <p>Mart\u00ednez Mus ha justificado la demora en que \u00absufrimos las consecuencias de los 100 kil\u00f3metros de v\u00eda que estamos reponiendo en la zona de Valencia\u00bb y ha explicado que \u00abaunque ponemos toda la carne el el asador para cumplir plazos a las propias fabricas les cuesta llegar\u00bb.<\/p>  <p><p>M\u00e1s informaci\u00f3n<\/p><figure><img loading=\"lazy\" decoding=\"async\" src=\"https:\/\/cadenaser.com\/resizer\/v2\/R5Q5RRUDE5G3XEFLDSE6LFBTHI.jpg?auth=7c96d1530b53f8b281822bd7dc8adba43887805fe1ab06540842e5d5b7ae2c58&amp;quality=70&amp;width=360&amp;height=202&amp;smart=true\" width=\"820\" height=\"621\" \/><\/figure><ul><li><a href=\"https:\/\/cadenaser.com\/comunitat-valenciana\/2025\/05\/30\/el-ayuntamiento-de-benidorm-sin-presupuesto-a-la-vista-radio-benidorm\/\"><span>El Ayuntamiento de Benidorm, sin presupuesto a la vista<\/span><\/a><\/li><\/ul><\/p>   <p>El conseller s\u00ed conf\u00eda ahora en cumplir con este nuevo plazo y tambi\u00e9n en que el conjunto del proyecto que finalmente revertir\u00e1 en un aumento de frecuencias en este tramo de la L\u00ednea 1 est\u00e9 listo antes de final del a\u00f1o.<\/p>   <p>Hasta la fecha y como alternativa se ha habilitado un servicio de autob\u00fas que hace parada en Benidorm, Cala Finestrat, Hospital Vila, Costera Pastor y Creueta, enlazando con el servicio ferroviario en circulaci\u00f3n, en las paradas de Creueta (direcci\u00f3n Luceros) y Benidorm (direcci\u00f3n D\u00e9nia). En el tramo afectado, \u00fanicamente queda sin servicio de autob\u00fas el apeadero de Terra M\u00edtica.<\/p> ","protected":false},"excerpt":{"rendered":"<p>El conseller de Infraestrcturas justifica la demora por la carga de trabajo de los proveedores para recuperar la zona afectada por la DANA<\/p>\n","protected":false},"author":0,"featured_media":15530,"comment_status":"open","ping_status":"open","sticky":false,"template":"","format":"standard","meta":{"_acf_changed":false,"footnotes":""},"categories":[1],"tags":[],"class_list":["post-15529","post","type-post","status-publish","format-standard","has-post-thumbnail","hentry","category-sin-categoria"],"acf":{"ser_id":"4RMMEY4S4NCJDCCQ5OJUUQOHY4","ser_url":"https:\/\/cadenaser.com\/comunitat-valenciana\/2025\/05\/30\/nueva-fecha-para-reabrir-el-tram-entre-benidorm-y-el-hospital-de-villajoyosa-tras-los-retrasos-en-la-obra-radio-benidorm\/"},"_links":{"self":[{"href":"https:\/\/serbenidorm.daliisolutions.com\/index.php\/wp-json\/wp\/v2\/posts\/15529","targetHints":{"allow":["GET"]}}],"collection":[{"href":"https:\/\/serbenidorm.daliisolutions.com\/index.php\/wp-json\/wp\/v2\/posts"}],"about":[{"href":"https:\/\/serbenidorm.daliisolutions.com\/index.php\/wp-json\/wp\/v2\/types\/post"}],"replies":[{"embeddable":true,"href":"https:\/\/serbenidorm.daliisolutions.com\/index.php\/wp-json\/wp\/v2\/comments?post=15529"}],"version-history":[{"count":0,"href":"https:\/\/serbenidorm.daliisolutions.com\/index.php\/wp-json\/wp\/v2\/posts\/15529\/revisions"}],"wp:featuredmedia":[{"embeddable":true,"href":"https:\/\/serbenidorm.daliisolutions.com\/index.php\/wp-json\/wp\/v2\/media\/15530"}],"wp:attachment":[{"href":"https:\/\/serbenidorm.daliisolutions.com\/index.php\/wp-json\/wp\/v2\/media?parent=15529"}],"wp:term":[{"taxonomy":"category","embeddable":true,"href":"https:\/\/serbenidorm.daliisolutions.com\/index.php\/wp-json\/wp\/v2\/categories?post=15529"},{"taxonomy":"post_tag","embeddable":true,"href":"https:\/\/serbenidorm.daliisolutions.com\/index.php\/wp-json\/wp\/v2\/tags?post=15529"}],"curies":[{"name":"wp","href":"https:\/\/api.w.org\/{rel}","templated":true}]}}