{"id":15572,"date":"2025-06-02T11:51:36","date_gmt":"2025-06-02T09:51:36","guid":{"rendered":"https:\/\/serbenidorm.daliisolutions.com\/index.php\/2025\/06\/02\/el-dia-mas-triste-tras-el-descenso-el-balonmano-benidorm-se-asoma-a-lo-desconocido\/"},"modified":"2025-06-02T11:51:36","modified_gmt":"2025-06-02T09:51:36","slug":"el-dia-mas-triste-tras-el-descenso-el-balonmano-benidorm-se-asoma-a-lo-desconocido","status":"publish","type":"post","link":"https:\/\/serbenidorm.daliisolutions.com\/index.php\/2025\/06\/02\/el-dia-mas-triste-tras-el-descenso-el-balonmano-benidorm-se-asoma-a-lo-desconocido\/","title":{"rendered":"El d\u00eda m\u00e1s triste: tras el descenso, el Balonmano Benidorm se asoma a lo desconocido"},"content":{"rendered":"  <p><div data-adtype=\"MLDB\"><\/div><\/p>   <p>Benidorm<\/p>   <p>Y ahora, \u00bfqu\u00e9? Esa es la pregunta que muchos se hac\u00edan en la noche de este domingo en un Palau d\u2019Esports triste, apagado y con aire de funeral. Poco antes, el Servigroup Hoteles Benidorm se impuso con enorme solvencia al Nava (30-23) en una \u00faltima jornada en la que los de Marko Krivocapic cumplieron con su parte del trato, que era ganar, y en la que el resto de los implicados en la pelea por la permanencia, verbigracia, Puente Genil, Huesca y Anaitasuna, tambi\u00e9n cumplieron con su cometido condenando a los benidormenses al descenso y, con ello, a poner punto y final a m\u00e1s de una d\u00e9cada ininterrumpida de presencia en la Liga Asobal.<\/p>   <p>Al Servigroup Hoteles Benidorm le acompa\u00f1ar\u00e1 en el descenso otro hist\u00f3rico como es el Anaitasuna navarro mientras que Guadalajara ser\u00e1 el equipo que esta semana se las tendr\u00e1 que ver, en partidos de ida y vuelta, con el Burgos en la promoci\u00f3n. <\/p>   <p>Tras el pitido final corrieron las l\u00e1grimas sobre el 40&#215;20 del Palau d\u2019Esports. Nacho Valles, alma y coraz\u00f3n del vestuario, se refugiaba tras su camiseta, inconsolable, sin poder comprender c\u00f3mo su actual etapa en el Club Balonmano Benidorm pod\u00eda haber acabado de esa manera tan cruel. Y su sentimiento, sus l\u00e1grimas, eran compartidas por todos. <\/p>   <p>El descenso, el cuarto de los distintos equipos del club en dos a\u00f1os, debe abrir ahora un periodo de profunda y muy seria reflexi\u00f3n. De repaso a lo hecho y a lo no hecho. De honesto an\u00e1lisis de los motivos que han llevado a un equipo que hace s\u00f3lo dos temporadas estaba jugando competici\u00f3n europea a verse hundido a la segunda categor\u00eda. <\/p>   <p>Durante la temporada, en busca de una reacci\u00f3n que se produjo, pero que no fue suficiente, rod\u00f3 la cabeza de Sergio Carballeira, un entrenador que vio hipotecada gran parte de su planificaci\u00f3n por las bajas que, desde la misma pretemporada, han asolado a una plantilla que nunca pudo jugar o entrenar con todos sus efectivos.<\/p>   <p>Se prescindi\u00f3 de Carballeira y se apost\u00f3 por Marko Krivocapic, cuyo balance en las nueve jornadas que ha dirigido al equipo ha sido de cuatro victorias, un empate y cuatro derrotas (nueve puntos de 18 posibles). Como su predecesor, el serbio tuvo que inventar todo tipo de soluciones para sortear las bajas de sus efectivos y supo mantener al equipo con opciones hasta el final. Por desgracia, sin depender de s\u00ed mismo, pero con opciones. Y en ese juego a cara o cruz por los fallos de los dem\u00e1s, finalmente sali\u00f3 cruz.<\/p>   <p>Decapitado un entrenador del primer equipo, descendido (por segundo a\u00f1o consecutivo) el equipo femenino, salvado el filial por los pelos, desaparecido en combate el gerente a mitad de segunda vuelta y, como \u00fanica nota positiva, la consecuci\u00f3n de la primera clasificaci\u00f3n de un equipo de base (el cadete masculino) para el Campeonato de Espa\u00f1a, ahora s\u00f3lo quedan dos preguntas por hacerse y por contestar. La primera, la m\u00e1s importante, es cu\u00e1l debe ser ahora el objetivo principal de la entidad para la pr\u00f3xima temporada. La segunda, y no menos trascendental, es qui\u00e9n debe comandar ese nuevo proyecto en terreno ignoto.<\/p>   <p>Dos a\u00f1os despu\u00e9s de la llegada a la planta noble de una nueva directiva, su gesti\u00f3n ha tenido, al menos en lo deportivo, m\u00e1s luces que sombras. Son varias las voces que alertan de una aparente err\u00e1tica y precipitada toma de decisiones en los \u00faltimos meses. El propio despido de Carballeira lleg\u00f3 sin haber previsto un reemplazo inmediato. La marcha del gerente no fue ni tan siquiera comunicada (mucho menos explicada) y tampoco se le dio publicidad al desembarco, en el \u00faltimo mes, del exjugador Ivan Nik\u010devi\u0107 como director deportivo.<\/p>   <p>Durante estos \u00faltimos dos a\u00f1os, al menos en los corrillos internos, se ha apuntado de manera insistente a la precaria situaci\u00f3n econ\u00f3mica de la entidad como uno de los motivos principales para haber apostado, por ejemplo, por la confecci\u00f3n de plantillas \u2018cortas\u2019 y, por lo tanto, m\u00e1s expuestas a sufrir en el caso, como ha sido el de esta temporada, de sufrir una plaga de lesiones. Una falta de recursos de los que siempre se culpa a la herencia recibida sin que, al menos de manera p\u00fablica, se hayan dado detalles concretos de cu\u00e1l fue esa herencia y de qu\u00e9 acciones se han podido llevar a cabo para encauzarla.<\/p>   <p>Ahora ha comenzado ya la cuenta atr\u00e1s de la nueva temporada, que ser\u00e1 en Plata y, por lo tanto, para la confecci\u00f3n de la nueva plantilla. Son muchas las decisiones que se van a tener que tomar. Algunas, sin duda, ser\u00e1n dolorosas, pero necesarias. En todo caso, esta semana, la primera tras m\u00e1s de una d\u00e9cada en Asobal, lo m\u00e1s urgente es despejar la principal de las inc\u00f3gnitas de toda la ecuaci\u00f3n: \u00bfqui\u00e9n debe capitanear esa nueva singladura?<\/p> ","protected":false},"excerpt":{"rendered":"<p>Pese a la victoria ante el Nava, el equipo insignia del deporte de la Marina Baixa puso fin a m\u00e1s de una d\u00e9cada en Asobal<\/p>\n","protected":false},"author":0,"featured_media":15573,"comment_status":"open","ping_status":"open","sticky":false,"template":"","format":"standard","meta":{"_acf_changed":false,"footnotes":""},"categories":[16],"tags":[],"class_list":["post-15572","post","type-post","status-publish","format-standard","has-post-thumbnail","hentry","category-deportes"],"acf":{"ser_id":"7UKMAJCDZJAFTNKKG3MLZMXBUQ","ser_url":"https:\/\/cadenaser.com\/comunitat-valenciana\/2025\/06\/02\/el-dia-mas-triste-tras-el-descenso-el-balonmano-benidorm-se-asoma-a-lo-desconocido-radio-benidorm\/"},"_links":{"self":[{"href":"https:\/\/serbenidorm.daliisolutions.com\/index.php\/wp-json\/wp\/v2\/posts\/15572","targetHints":{"allow":["GET"]}}],"collection":[{"href":"https:\/\/serbenidorm.daliisolutions.com\/index.php\/wp-json\/wp\/v2\/posts"}],"about":[{"href":"https:\/\/serbenidorm.daliisolutions.com\/index.php\/wp-json\/wp\/v2\/types\/post"}],"replies":[{"embeddable":true,"href":"https:\/\/serbenidorm.daliisolutions.com\/index.php\/wp-json\/wp\/v2\/comments?post=15572"}],"version-history":[{"count":0,"href":"https:\/\/serbenidorm.daliisolutions.com\/index.php\/wp-json\/wp\/v2\/posts\/15572\/revisions"}],"wp:featuredmedia":[{"embeddable":true,"href":"https:\/\/serbenidorm.daliisolutions.com\/index.php\/wp-json\/wp\/v2\/media\/15573"}],"wp:attachment":[{"href":"https:\/\/serbenidorm.daliisolutions.com\/index.php\/wp-json\/wp\/v2\/media?parent=15572"}],"wp:term":[{"taxonomy":"category","embeddable":true,"href":"https:\/\/serbenidorm.daliisolutions.com\/index.php\/wp-json\/wp\/v2\/categories?post=15572"},{"taxonomy":"post_tag","embeddable":true,"href":"https:\/\/serbenidorm.daliisolutions.com\/index.php\/wp-json\/wp\/v2\/tags?post=15572"}],"curies":[{"name":"wp","href":"https:\/\/api.w.org\/{rel}","templated":true}]}}