{"id":15577,"date":"2025-06-02T14:05:16","date_gmt":"2025-06-02T12:05:16","guid":{"rendered":"https:\/\/serbenidorm.daliisolutions.com\/index.php\/2025\/06\/02\/muere-un-hombre-en-un-accidente-de-patinete-en-benidorm\/"},"modified":"2025-06-02T14:05:16","modified_gmt":"2025-06-02T12:05:16","slug":"muere-un-hombre-en-un-accidente-de-patinete-en-benidorm","status":"publish","type":"post","link":"https:\/\/serbenidorm.daliisolutions.com\/index.php\/2025\/06\/02\/muere-un-hombre-en-un-accidente-de-patinete-en-benidorm\/","title":{"rendered":"Muere un hombre en un accidente de patinete en Benidorm"},"content":{"rendered":"  <p><div data-adtype=\"MLDB\"><\/div><\/p>   <p>Benidorm<\/p>   <p>Un hombre ha muerto a primera hora de la ma\u00f1ana de este lunes en un accidente de patinete en la <a href=\"https:\/\/cadenaser.com\/tag\/benidorm\/a\/\" target=\"_blank\" rel=\"nofollow\" title=\"https:\/\/cadenaser.com\/tag\/benidorm\/a\/\">calle Murtal<\/a>, en la zona de Poniente de Benidorm.<\/p>   <p>El Centro de Informaci\u00f3n y Coordinaci\u00f3n de Urgencias (CICU) ha movilizado dos ambulancias, pero los servicios m\u00e9dicos solo han podido confirmar el fallecimiento de esa persona de la que se desconoce la edad al ir indocumentado. <\/p>   <p>Fuentes policiales confirman que hay una investigaci\u00f3n abierta para esclarecer lo ocurrido.<\/p> ","protected":false},"excerpt":{"rendered":"<p>Se investigan los hechos<\/p>\n","protected":false},"author":0,"featured_media":15578,"comment_status":"open","ping_status":"open","sticky":false,"template":"","format":"standard","meta":{"_acf_changed":false,"footnotes":""},"categories":[1],"tags":[],"class_list":["post-15577","post","type-post","status-publish","format-standard","has-post-thumbnail","hentry","category-sin-categoria"],"acf":{"ser_id":"NY3HRMGTDZA2PA44RD4L57ZEZQ","ser_url":"https:\/\/cadenaser.com\/comunitat-valenciana\/2025\/06\/02\/muere-un-hombre-en-un-accidente-de-patinete-en-benidorm-radio-benidorm\/"},"_links":{"self":[{"href":"https:\/\/serbenidorm.daliisolutions.com\/index.php\/wp-json\/wp\/v2\/posts\/15577","targetHints":{"allow":["GET"]}}],"collection":[{"href":"https:\/\/serbenidorm.daliisolutions.com\/index.php\/wp-json\/wp\/v2\/posts"}],"about":[{"href":"https:\/\/serbenidorm.daliisolutions.com\/index.php\/wp-json\/wp\/v2\/types\/post"}],"replies":[{"embeddable":true,"href":"https:\/\/serbenidorm.daliisolutions.com\/index.php\/wp-json\/wp\/v2\/comments?post=15577"}],"version-history":[{"count":0,"href":"https:\/\/serbenidorm.daliisolutions.com\/index.php\/wp-json\/wp\/v2\/posts\/15577\/revisions"}],"wp:featuredmedia":[{"embeddable":true,"href":"https:\/\/serbenidorm.daliisolutions.com\/index.php\/wp-json\/wp\/v2\/media\/15578"}],"wp:attachment":[{"href":"https:\/\/serbenidorm.daliisolutions.com\/index.php\/wp-json\/wp\/v2\/media?parent=15577"}],"wp:term":[{"taxonomy":"category","embeddable":true,"href":"https:\/\/serbenidorm.daliisolutions.com\/index.php\/wp-json\/wp\/v2\/categories?post=15577"},{"taxonomy":"post_tag","embeddable":true,"href":"https:\/\/serbenidorm.daliisolutions.com\/index.php\/wp-json\/wp\/v2\/tags?post=15577"}],"curies":[{"name":"wp","href":"https:\/\/api.w.org\/{rel}","templated":true}]}}