{"id":15579,"date":"2025-06-02T14:05:18","date_gmt":"2025-06-02T12:05:18","guid":{"rendered":"https:\/\/serbenidorm.daliisolutions.com\/index.php\/2025\/06\/02\/benidorm-espera-que-su-nuevo-centro-de-innovacion-turistica-inteligente-este-a-pleno-rendimiento-antes-de-acabar-el-ano\/"},"modified":"2025-06-02T14:05:18","modified_gmt":"2025-06-02T12:05:18","slug":"benidorm-espera-que-su-nuevo-centro-de-innovacion-turistica-inteligente-este-a-pleno-rendimiento-antes-de-acabar-el-ano","status":"publish","type":"post","link":"https:\/\/serbenidorm.daliisolutions.com\/index.php\/2025\/06\/02\/benidorm-espera-que-su-nuevo-centro-de-innovacion-turistica-inteligente-este-a-pleno-rendimiento-antes-de-acabar-el-ano\/","title":{"rendered":"Benidorm espera que su nuevo Centro de Innovaci\u00f3n Tur\u00edstica Inteligente est\u00e9 a pleno rendimiento antes de acabar el a\u00f1o"},"content":{"rendered":"  <p><div data-adtype=\"MLDB\"><\/div><\/p>   <p>Benidorm<\/p>   <p>No quedarse atr\u00e1s en la carrera tecnol\u00f3gica, en este caso vinculada al turismo, es el objetivo \u00faltimo del Centro de Innovaci\u00f3n Tur\u00edstica Inteligente (BeCiti) que se ha presentado este lunes en el Ayuntamiento de Benidorm. <\/p>   <p>Un nuevo <i>hub<\/i> que comienza su andadura \u00abcon la captaci\u00f3n de propuestas, empresas y organismos que quieran participar\u00bb, como ha destacado el alcalde Toni P\u00e9rez antes de anunciar que tendr\u00e1 su sede f\u00edsica en el edificio municipal de El Torrej\u00f3, donde se van a desarrollar unos trabajos de adecuaci\u00f3n presupuestados en el entorno de los 300.000 euros y que ya han sido aprobados en Junta de Gobierno Local (JGL).<\/p>   <p>P\u00e9rez ha asegurado al respecto que <a href=\"https:\/\/cadenaser.com\/tag\/benidorm\/a\/\" target=\"_blank\" rel=\"nofollow\" title=\"https:\/\/cadenaser.com\/tag\/benidorm\/a\/\">la previsi\u00f3n es que \u00abantes de que acabe el a\u00f1o el <i>hub<\/i> est\u00e9 a pleno rendimiento\u00bb<\/a> aunque no ha podido concretar si esto va a suponer la generaci\u00f3n de puestos de trabajo, al ya disponer de personal en infraestructuras \u00abcomplementarias\u00bb como la <i>Smart Office<\/i>, la oficina de inteligencia local.<\/p>   <p>Se trata, en palabras del primer edil, de presentar la idea a actores del sector como puede ser el tejido empresarial o el \u00e1mbito acad\u00e9mico<b> <\/b>para buscar soluciones enfocadas en la sostenibilidad que tengan aplicaci\u00f3n real en el sector tur\u00edstico: \u00abSer el epicentro de la inteligencia tur\u00edstica en el Mediterr\u00e1neo y, por ende, en Europa\u00bb, ha confiado.<\/p>   <p>\u00abEsto es como cuando alguien acuerda que para ir en moto hay que llevar casco&#8230; \u00bfQu\u00e9 implicaci\u00f3n tiene esto en la industria? Es incalculable; est\u00e1 el fabricante de motos, el de la visera, el de la correa, el de los cascos o el de la tecnolog\u00eda\u00bb, ha puesto como ejemplo para concluir el alcalde de la capital tur\u00edstica donde tambi\u00e9n se implementa la Plataforma Inteligente de Destinos Tur\u00edsticos y que acoger\u00e1 esta semana el octavo congreso <i>Digital Tourist<\/i> de la patronal tecnol\u00f3gica Ametic. <\/p> ","protected":false},"excerpt":{"rendered":"<p>El Ayuntamiento invierte 300.000 euros en adecuar las instalaciones del Torrej\u00f3 y comienza a presentar la idea a todos los agentes del sector<\/p>\n","protected":false},"author":0,"featured_media":15580,"comment_status":"open","ping_status":"open","sticky":false,"template":"","format":"standard","meta":{"_acf_changed":false,"footnotes":""},"categories":[1],"tags":[],"class_list":["post-15579","post","type-post","status-publish","format-standard","has-post-thumbnail","hentry","category-sin-categoria"],"acf":{"ser_id":"2QHB7EQ4RVDVTL4D57P3MSDDFY","ser_url":"https:\/\/cadenaser.com\/comunitat-valenciana\/2025\/06\/02\/benidorm-espera-que-su-nuevo-centro-de-innovacion-turistica-inteligente-este-a-pleno-rendimiento-antes-de-acabar-el-ano-radio-benidorm\/"},"_links":{"self":[{"href":"https:\/\/serbenidorm.daliisolutions.com\/index.php\/wp-json\/wp\/v2\/posts\/15579","targetHints":{"allow":["GET"]}}],"collection":[{"href":"https:\/\/serbenidorm.daliisolutions.com\/index.php\/wp-json\/wp\/v2\/posts"}],"about":[{"href":"https:\/\/serbenidorm.daliisolutions.com\/index.php\/wp-json\/wp\/v2\/types\/post"}],"replies":[{"embeddable":true,"href":"https:\/\/serbenidorm.daliisolutions.com\/index.php\/wp-json\/wp\/v2\/comments?post=15579"}],"version-history":[{"count":0,"href":"https:\/\/serbenidorm.daliisolutions.com\/index.php\/wp-json\/wp\/v2\/posts\/15579\/revisions"}],"wp:featuredmedia":[{"embeddable":true,"href":"https:\/\/serbenidorm.daliisolutions.com\/index.php\/wp-json\/wp\/v2\/media\/15580"}],"wp:attachment":[{"href":"https:\/\/serbenidorm.daliisolutions.com\/index.php\/wp-json\/wp\/v2\/media?parent=15579"}],"wp:term":[{"taxonomy":"category","embeddable":true,"href":"https:\/\/serbenidorm.daliisolutions.com\/index.php\/wp-json\/wp\/v2\/categories?post=15579"},{"taxonomy":"post_tag","embeddable":true,"href":"https:\/\/serbenidorm.daliisolutions.com\/index.php\/wp-json\/wp\/v2\/tags?post=15579"}],"curies":[{"name":"wp","href":"https:\/\/api.w.org\/{rel}","templated":true}]}}