{"id":15600,"date":"2025-06-02T20:29:00","date_gmt":"2025-06-02T18:29:00","guid":{"rendered":"https:\/\/serbenidorm.daliisolutions.com\/index.php\/2025\/06\/02\/asi-se-reparten-los-estudiantes-de-benidorm-y-la-marina-baixa-durante-la-selectividad\/"},"modified":"2025-06-02T20:29:00","modified_gmt":"2025-06-02T18:29:00","slug":"asi-se-reparten-los-estudiantes-de-benidorm-y-la-marina-baixa-durante-la-selectividad","status":"publish","type":"post","link":"https:\/\/serbenidorm.daliisolutions.com\/index.php\/2025\/06\/02\/asi-se-reparten-los-estudiantes-de-benidorm-y-la-marina-baixa-durante-la-selectividad\/","title":{"rendered":"As\u00ed se reparten los estudiantes de Benidorm y la Marina Baixa durante la selectividad"},"content":{"rendered":"  <p><div data-adtype=\"MLDB\"><\/div><\/p>   <p>Benidorm<\/p>   <p>Desde este martes y hasta el jueves los estudiantes de la Marina Baixa afrontan la selectividad y se reparten, como es habitual, para realizar las pruebas en distintos centros de la provincia.<\/p>   <p>Los alumnos de los institutos de Benidorm y La Nuc\u00eda har\u00e1n las pruebas en el <a href=\"https:\/\/cadenaser.com\/tag\/benidorm\/a\/\" target=\"_blank\" rel=\"nofollow\" title=\"https:\/\/cadenaser.com\/tag\/benidorm\/a\/\">Pabell\u00f3n Muixara de La Nuc\u00eda<\/a>, localidad que repite por noveno a\u00f1o y que es sede del Tribunal n\u00ba3 de la Prueba de Acceso a la Universidad (PAU) en Alicante.<\/p>  <p><p>M\u00e1s informaci\u00f3n<\/p><figure><img decoding=\"async\" src=\"https:\/\/cadenaser.com\/resizer\/v2\/UDUVRX7D2BBPHOOOOEL6Z2VSPU.jpg?auth=08ec2d766c421c2511c340e21e9d788d13d768559bf04608c16c3ce70047c5f6&amp;quality=70&amp;width=360&amp;height=202&amp;smart=true\" width=\"820\" height=\"621\" loading=\"lazy\" \/><\/figure><ul><li><a href=\"https:\/\/cadenaser.com\/comunitat-valenciana\/2025\/06\/02\/muere-un-hombre-en-un-accidente-de-patinete-en-benidorm-radio-benidorm\/\"><span>Muere un hombre en un accidente de patinete en Benidorm<\/span><\/a><\/li><\/ul><\/p>   <p>Los de Altea, L\u2019Alf\u00e0s del Pi y Callosa d&#8217;En Sarri\u00e0 en la Facultad de Bellas Artes de Altea. Se trata del Tribunal n\u00ba2.<\/p>   <p>Los que m\u00e1s lejos se van a desplazar son los bachilleres de Villajoyosa, que desarrollan los ex\u00e1menes en el campus de la Universidad Miguel Hern\u00e1ndez en San Juan.<\/p>   <p>Para estos \u00faltimos ma\u00f1ana, martes, saldr\u00e1n tres autobuses a las 7.45 horas desde la Barbera para desplazarse al campus universitario. Para la vuelta, se contar\u00e1 con dos autobuses que saldr\u00e1n a las 17.15 horas y un autob\u00fas a las 19.30 horas desde el campus. <\/p>   <p>El mi\u00e9rcoles y el jueves los tres autobuses partir\u00e1n a las 8.15 horas desde la parada de la Barbera y el horario de vuelta ser\u00e1 el mi\u00e9rcoles a las 17.15 horas, cuando saldr\u00e1n dos autobuses desde el campus universitario, y un autob\u00fas a las 19.30 horas. El jueves, volver\u00e1n dos autobuses a las 13.25 horas y un autob\u00fas a las 17.15 horas. <\/p> ","protected":false},"excerpt":{"rendered":"<p>Los alumnos de los institutos de la comarca se dividen entre Altea, La Nuc\u00eda y San Juan para hacer las pruebas<\/p>\n","protected":false},"author":0,"featured_media":15601,"comment_status":"open","ping_status":"open","sticky":false,"template":"","format":"standard","meta":{"_acf_changed":false,"footnotes":""},"categories":[1],"tags":[],"class_list":["post-15600","post","type-post","status-publish","format-standard","has-post-thumbnail","hentry","category-sin-categoria"],"acf":{"ser_id":"YS6INAHG2ZCAHD6JZJY4S6S2II","ser_url":"https:\/\/cadenaser.com\/comunitat-valenciana\/2025\/06\/02\/asi-se-reparten-los-estudiantes-de-benidorm-y-la-marina-baixa-durante-la-selectividad-radio-benidorm\/"},"_links":{"self":[{"href":"https:\/\/serbenidorm.daliisolutions.com\/index.php\/wp-json\/wp\/v2\/posts\/15600","targetHints":{"allow":["GET"]}}],"collection":[{"href":"https:\/\/serbenidorm.daliisolutions.com\/index.php\/wp-json\/wp\/v2\/posts"}],"about":[{"href":"https:\/\/serbenidorm.daliisolutions.com\/index.php\/wp-json\/wp\/v2\/types\/post"}],"replies":[{"embeddable":true,"href":"https:\/\/serbenidorm.daliisolutions.com\/index.php\/wp-json\/wp\/v2\/comments?post=15600"}],"version-history":[{"count":0,"href":"https:\/\/serbenidorm.daliisolutions.com\/index.php\/wp-json\/wp\/v2\/posts\/15600\/revisions"}],"wp:featuredmedia":[{"embeddable":true,"href":"https:\/\/serbenidorm.daliisolutions.com\/index.php\/wp-json\/wp\/v2\/media\/15601"}],"wp:attachment":[{"href":"https:\/\/serbenidorm.daliisolutions.com\/index.php\/wp-json\/wp\/v2\/media?parent=15600"}],"wp:term":[{"taxonomy":"category","embeddable":true,"href":"https:\/\/serbenidorm.daliisolutions.com\/index.php\/wp-json\/wp\/v2\/categories?post=15600"},{"taxonomy":"post_tag","embeddable":true,"href":"https:\/\/serbenidorm.daliisolutions.com\/index.php\/wp-json\/wp\/v2\/tags?post=15600"}],"curies":[{"name":"wp","href":"https:\/\/api.w.org\/{rel}","templated":true}]}}