{"id":15614,"date":"2025-06-03T13:16:19","date_gmt":"2025-06-03T11:16:19","guid":{"rendered":"https:\/\/serbenidorm.daliisolutions.com\/index.php\/2025\/06\/03\/jose-luis-calvo-doble-amor-los-ciudadanos-de-benidorm-y-comarca-son-nuestra-mayor-red-social\/"},"modified":"2025-06-03T13:16:19","modified_gmt":"2025-06-03T11:16:19","slug":"jose-luis-calvo-doble-amor-los-ciudadanos-de-benidorm-y-comarca-son-nuestra-mayor-red-social","status":"publish","type":"post","link":"https:\/\/serbenidorm.daliisolutions.com\/index.php\/2025\/06\/03\/jose-luis-calvo-doble-amor-los-ciudadanos-de-benidorm-y-comarca-son-nuestra-mayor-red-social\/","title":{"rendered":"Jos\u00e9 Lu\u00eds Calvo (Doble Amor): \u00abLos ciudadanos de Benidorm y comarca son nuestra mayor red social\u00bb"},"content":{"rendered":"  <p><div data-adtype=\"MLDB\"><\/div><\/p>   <p>Benidorm<\/p>   <p>El Centro Doble Amor va a dedicar a adaptar una furgoneta para que pueda transportar usuarios en silla de ruedas, parte de los 20.965 euros recaudados en el <a href=\"https:\/\/cadenaser.com\/audio\/1746694273900\/\" target=\"_blank\" rel=\"nofollow\" title=\"https:\/\/cadenaser.com\/audio\/1746694273900\/\">Cross Solidario Doble Amor, celebrado el pasado 11 de mayo.<\/a><\/p>   <p>As\u00ed lo ha traslado a <a href=\"https:\/\/radiobenidorm.es\" target=\"_blank\" rel=\"nofollow\" title=\"https:\/\/radiobenidorm.es\">Hoy por Hoy Benidorm,<\/a> el presidente de la entidad, Jos\u00e9 Luis Calvo, tras recibir el cheque con la recaudaci\u00f3n de manos del alcalde, Toni P\u00e9rez, y de representantes del Rotary Club y el Grupo Brotons. <\/p>   <p>Calvo explica que el resto de la recaudaci\u00f3n se va a destinar a ayudar a sufragar los gastos del normal funcionamiento del centro. \u00abCada uno de nuestros usuarios necesita 62 euros al d\u00eda para recibir todos los servicios que presta el centro y, aunque las instituciones como la Generalitat y los Ayuntamientos de la comarca nos hacen buena parte de las aportaciones, a trav\u00e9s de los convenios que firmamos con ellos, acciones como el Cross Solidario tambi\u00e9n nos ayudan mucho. Y tambi\u00e9n aportaciones solidarias o ayuda en especies de muchas empresas locales. Al final los ciudadanos de Benidorm y comarca son nuestra mayor red social\u00bb. <\/p>   <p>Asimismo, el presidente del Doble Amor se muestra muy satisfecho del crecimiento exponencial que ha supuesto la participaci\u00f3n y recaudaci\u00f3n del Cross desde su nacimiento. \u00abEmpezamos hace seis a\u00f1os y conseguimos recaudar 3.000 euros y, en esta edici\u00f3n, la participaci\u00f3n se ha disparado y hemos subido a casi 21.000 euros. Creemos que cuando lleguemos al d\u00e9cimo aniversario, el Cross del Doble Amor ser\u00e1 ya una prueba referente por s\u00ed misma\u00bb, augura. <\/p>   <p>Por \u00faltimo Calvo recuerda que el centro,<a href=\"https:\/\/cadenaser.com\/audio\/1709280074142\/\" target=\"_blank\" rel=\"nofollow\" title=\"https:\/\/cadenaser.com\/audio\/1709280074142\/\"> con 50 a\u00f1os de historia,<\/a> desarrolla peque\u00f1as acciones solidarias y para sus usuarios a lo largo de todo el a\u00f1o y ha emplazado a la ciudadan\u00eda a colaborar con su pr\u00f3ximo evento multitudinario: la Cena de Fin de Curso que se celebrar\u00e1 en julio en las propias instalaciones del centro.<\/p> ","protected":false},"excerpt":{"rendered":"<p>El centro dedicar\u00e1 a adaptar un veh\u00edculo y al funcionamiento diario la recaudaci\u00f3n del Cross Solidario<\/p>\n","protected":false},"author":0,"featured_media":15615,"comment_status":"open","ping_status":"open","sticky":false,"template":"","format":"standard","meta":{"_acf_changed":false,"footnotes":""},"categories":[1],"tags":[],"class_list":["post-15614","post","type-post","status-publish","format-standard","has-post-thumbnail","hentry","category-sin-categoria"],"acf":{"ser_id":"R4DJ2LBUBZEBNBAE2HU7FNRSWI","ser_url":"https:\/\/cadenaser.com\/comunitat-valenciana\/2025\/06\/03\/jose-luis-calvo-doble-amor-los-ciudadanos-de-benidorm-y-comarca-son-nuestra-mayor-red-social-radio-benidorm\/"},"_links":{"self":[{"href":"https:\/\/serbenidorm.daliisolutions.com\/index.php\/wp-json\/wp\/v2\/posts\/15614","targetHints":{"allow":["GET"]}}],"collection":[{"href":"https:\/\/serbenidorm.daliisolutions.com\/index.php\/wp-json\/wp\/v2\/posts"}],"about":[{"href":"https:\/\/serbenidorm.daliisolutions.com\/index.php\/wp-json\/wp\/v2\/types\/post"}],"replies":[{"embeddable":true,"href":"https:\/\/serbenidorm.daliisolutions.com\/index.php\/wp-json\/wp\/v2\/comments?post=15614"}],"version-history":[{"count":0,"href":"https:\/\/serbenidorm.daliisolutions.com\/index.php\/wp-json\/wp\/v2\/posts\/15614\/revisions"}],"wp:featuredmedia":[{"embeddable":true,"href":"https:\/\/serbenidorm.daliisolutions.com\/index.php\/wp-json\/wp\/v2\/media\/15615"}],"wp:attachment":[{"href":"https:\/\/serbenidorm.daliisolutions.com\/index.php\/wp-json\/wp\/v2\/media?parent=15614"}],"wp:term":[{"taxonomy":"category","embeddable":true,"href":"https:\/\/serbenidorm.daliisolutions.com\/index.php\/wp-json\/wp\/v2\/categories?post=15614"},{"taxonomy":"post_tag","embeddable":true,"href":"https:\/\/serbenidorm.daliisolutions.com\/index.php\/wp-json\/wp\/v2\/tags?post=15614"}],"curies":[{"name":"wp","href":"https:\/\/api.w.org\/{rel}","templated":true}]}}