{"id":15616,"date":"2025-06-03T13:38:24","date_gmt":"2025-06-03T11:38:24","guid":{"rendered":"https:\/\/serbenidorm.daliisolutions.com\/index.php\/2025\/06\/03\/benidorm-y-la-marina-baixa-cierran-mayo-con-235-parados-menos-y-mas-de-5-700-contratos-nuevos\/"},"modified":"2025-06-03T13:38:24","modified_gmt":"2025-06-03T11:38:24","slug":"benidorm-y-la-marina-baixa-cierran-mayo-con-235-parados-menos-y-mas-de-5-700-contratos-nuevos","status":"publish","type":"post","link":"https:\/\/serbenidorm.daliisolutions.com\/index.php\/2025\/06\/03\/benidorm-y-la-marina-baixa-cierran-mayo-con-235-parados-menos-y-mas-de-5-700-contratos-nuevos\/","title":{"rendered":"Benidorm y la Marina Baixa cierran mayo con 235 parados menos y m\u00e1s de 5.700 contratos nuevos"},"content":{"rendered":"  <p><div data-adtype=\"MLDB\"><\/div><\/p>   <p>Benidorm<\/p>   <p>Cuatro mes consecutivo de descenso del paro en el conjunto de la Marina Baixa, donde el desempleo registrado en las oficinal del Servicio Valenciano de Empleo (Labora) ha bajado en el \u00faltimo mes en 235 trabajadores y en el \u00faltimo a\u00f1o en 676; <a href=\"https:\/\/cadenaser.com\/tag\/benidorm\/a\/\" target=\"_blank\" rel=\"nofollow\" title=\"https:\/\/cadenaser.com\/tag\/benidorm\/a\/\">en este momento siguen en las listas 8.384 personas<\/a>.<\/p>   <p>Nuevo descenso que durante mayo ha sido m\u00e1s tibio que en abril, donde se cont\u00f3 con el efecto de la Semana Santa. Tambi\u00e9n se han firmado menos contratos, aunque han sido m\u00e1s de 5.700 nuevos. De nuevo el 91% en el sector servicios y, tambi\u00e9n a destacar, casi el 58% del total de car\u00e1cter indefinido. <\/p>  <p><p>M\u00e1s informaci\u00f3n<\/p><figure><img decoding=\"async\" src=\"https:\/\/cadenaser.com\/resizer\/v2\/TKKHWBKTMZHVPPTDG7EVOFHFBE.jpeg?auth=df55b82376c6be4d3be8c23d80e8247d0fd7cd30e1b23feb485b1ed5cf8a2325&amp;quality=70&amp;width=360&amp;height=202&amp;smart=true\" width=\"820\" height=\"621\" loading=\"lazy\" \/><\/figure><ul><li><a href=\"https:\/\/cadenaser.com\/comunitat-valenciana\/2025\/06\/02\/benidorm-espera-que-su-nuevo-centro-de-innovacion-turistica-inteligente-este-a-pleno-rendimiento-antes-de-acabar-el-ano-radio-benidorm\/\"><span>Benidorm espera que su nuevo Centro de Innovaci\u00f3n Tur\u00edstica Inteligente est\u00e9 a pleno rendimiento antes de acabar el a\u00f1o<\/span><\/a><\/li><\/ul><\/p>   <p>Jos\u00e9 Mar\u00eda Ruiz, secretario de Empleo de Comisiones Obreras en las Marinas, ha puedo dos &#8216;peros&#8217; a estas \u00faltimas cifras: por un lado, que detr\u00e1s del \u00abuso masivo\u00bb de la jornada parcial pueda estar creciendo el n\u00famero de pr\u00e1cticas ilegales de los empresarios y, por el otro, la elevada tasa de personas en elevado riesgo de pobreza, m\u00e1s de 70.000 seg\u00fan sus datos solo en la Marina Baixa.<\/p>   <p>Yolanda D\u00edaz, secretaria general de UGT, se muestra en la misma l\u00ednea y pide diversificar la actividad econ\u00f3mica de la comarca con especial atenci\u00f3n a la agricultura y a la industria.<\/p>   <p>Por municipios el paro ha ca\u00eddo en Benidorm en 91 personas durante mayo; 66 desempleados menos en Villajoyosa; 54 en Altea; 28 en l\u2019Alf\u00e0s del Pi y uno menos en La Nuc\u00eda.<\/p>   <p>Los datos de la provincia<\/p>   <p>Hace 17 a\u00f1os que Alicante no registraba unos datos del paro similares a los del pasado mayo, aunque no es nada nuevo que sigue siendo el sector servicios el que dispara la buena cifra, con 1.702 parados y paradas menos. Es el 75\u20196% de la reducci\u00f3n del paro.<\/p>   <p>Le sigue, de lejos y por este orden, industria (-243); construcci\u00f3n (-195); agricultura (-88) y el colectivo sin empleo anterior (-22). Alicante contabiliz\u00f3 en mayo 120.443 personas paradas. El 60,7% es femenino.<\/p> ","protected":false},"excerpt":{"rendered":"<p>Hace un a\u00f1o hab\u00eda 676 desempleados m\u00e1s registrados en la comarca<\/p>\n","protected":false},"author":0,"featured_media":15617,"comment_status":"open","ping_status":"open","sticky":false,"template":"","format":"standard","meta":{"_acf_changed":false,"footnotes":""},"categories":[1],"tags":[],"class_list":["post-15616","post","type-post","status-publish","format-standard","has-post-thumbnail","hentry","category-sin-categoria"],"acf":{"ser_id":"DHWGLEZCL5AMRD5LWD2ZRIJ52I","ser_url":"https:\/\/cadenaser.com\/comunitat-valenciana\/2025\/06\/03\/benidorm-y-la-marina-baixa-cierran-mayo-con-235-parados-menos-y-mas-de-5700-contratos-nuevos-radio-benidorm\/"},"_links":{"self":[{"href":"https:\/\/serbenidorm.daliisolutions.com\/index.php\/wp-json\/wp\/v2\/posts\/15616","targetHints":{"allow":["GET"]}}],"collection":[{"href":"https:\/\/serbenidorm.daliisolutions.com\/index.php\/wp-json\/wp\/v2\/posts"}],"about":[{"href":"https:\/\/serbenidorm.daliisolutions.com\/index.php\/wp-json\/wp\/v2\/types\/post"}],"replies":[{"embeddable":true,"href":"https:\/\/serbenidorm.daliisolutions.com\/index.php\/wp-json\/wp\/v2\/comments?post=15616"}],"version-history":[{"count":0,"href":"https:\/\/serbenidorm.daliisolutions.com\/index.php\/wp-json\/wp\/v2\/posts\/15616\/revisions"}],"wp:featuredmedia":[{"embeddable":true,"href":"https:\/\/serbenidorm.daliisolutions.com\/index.php\/wp-json\/wp\/v2\/media\/15617"}],"wp:attachment":[{"href":"https:\/\/serbenidorm.daliisolutions.com\/index.php\/wp-json\/wp\/v2\/media?parent=15616"}],"wp:term":[{"taxonomy":"category","embeddable":true,"href":"https:\/\/serbenidorm.daliisolutions.com\/index.php\/wp-json\/wp\/v2\/categories?post=15616"},{"taxonomy":"post_tag","embeddable":true,"href":"https:\/\/serbenidorm.daliisolutions.com\/index.php\/wp-json\/wp\/v2\/tags?post=15616"}],"curies":[{"name":"wp","href":"https:\/\/api.w.org\/{rel}","templated":true}]}}