{"id":15618,"date":"2025-06-03T14:12:20","date_gmt":"2025-06-03T12:12:20","guid":{"rendered":"https:\/\/serbenidorm.daliisolutions.com\/index.php\/2025\/06\/03\/benidorm-inaugura-la-temporada-de-festivales-con-el-quinto-aniversario-del-mitico-homenaje-a-la-ruta-90s-2mil\/"},"modified":"2025-06-03T14:12:20","modified_gmt":"2025-06-03T12:12:20","slug":"benidorm-inaugura-la-temporada-de-festivales-con-el-quinto-aniversario-del-mitico-homenaje-a-la-ruta-90s-2mil","status":"publish","type":"post","link":"https:\/\/serbenidorm.daliisolutions.com\/index.php\/2025\/06\/03\/benidorm-inaugura-la-temporada-de-festivales-con-el-quinto-aniversario-del-mitico-homenaje-a-la-ruta-90s-2mil\/","title":{"rendered":"Benidorm inaugura la temporada de festivales con el quinto aniversario del m\u00edtico \u201cHomenaje a la Ruta 90\u2019s &amp; 2MIL\u201d"},"content":{"rendered":"  <p><div data-adtype=\"MLDB\"><\/div><\/p>   <p>Benidorm<\/p>   <p>El pr\u00f3ximo 7 de junio, el Auditorio Julio Iglesias acoge una edici\u00f3n especial del festival que conecta generaciones a ritmo de los grandes hits de los 90 y 2000.<\/p>   <p>Benidorm da el pistoletazo de salida a la temporada de festivales con una cita imprescindible para los amantes del sonido remember: el festival \u00abHomenaje a la Ruta 90\u2019s &amp; 2MIL\u00bbcelebra su quinto aniversario el pr\u00f3ximo 7 de junio en el emblem\u00e1tico Auditorio Julio Iglesias, con un d\u00eda musical que promete emociones, nostalgia y una fiesta inolvidable.<\/p>   <p>Desde las 17:00h y hasta el cierre, la ciudad se transformar\u00e1 en un aut\u00e9ntico homenaje a la Ruta, con actuaciones en directo de artistas ic\u00f3nicos como <a href=\"https:\/\/cadenaser.com\/tag\/benidorm\/a\/\" target=\"_blank\" rel=\"nofollow\" title=\"https:\/\/cadenaser.com\/tag\/benidorm\/a\/\">Scanners, Bandido feat. Piropo, Yoli, Jerry Daley y Nalaya Brown.<\/a><\/p>  <p><p>M\u00e1s informaci\u00f3n<\/p><figure><img decoding=\"async\" src=\"https:\/\/cadenaser.com\/resizer\/v2\/YYG3TIOVLZF5ZA3NN7SWONQBYM.jpeg?auth=b48b99fe4d2b8e946dc1d40483c31b01171edb811608c0d7fe6dbc3af886d513&amp;quality=70&amp;width=360&amp;height=202&amp;smart=true\" width=\"820\" height=\"621\" loading=\"lazy\" \/><\/figure><ul><li><a href=\"https:\/\/cadenaser.com\/comunitat-valenciana\/2024\/11\/15\/palas-altavoces-o-una-urna-con-cenizas-asi-gestiona-la-policia-local-de-benidorm-mas-de-3000-objetos-perdidos-radio-benidorm\/\"><span>Palas, altavoces o una urna con cenizas: as\u00ed gestiona la Polic\u00eda Local de Benidorm m\u00e1s de 3.000 objetos perdidos<\/span><\/a><\/li><\/ul><\/p>   <p>Acompa\u00f1\u00e1ndolos, algunos de los DJs m\u00e1s reconocidos del panorama nacional llevar\u00e1n a los asistentes a un viaje musical irrepetible:Jos\u00e9 Conca(Chocolate), Npeman(ProDjCV), Vicente Ferrer(Bananas \/ Remember Les Arts), Raquel Cardona (ProDJ \/ Dona Festival), Paco Garc\u00eda(Kko), Batiste(Masia), Arturo Roger(A.C.T.V.) y V\u00edctor P\u00e9rez(The Face \/ Sonido de Valencia).<\/p>   <p>Con sonido e iluminaci\u00f3n de \u00faltima generaci\u00f3n y efectos especiales que elevar\u00e1n la experiencia a otro nivel, esta edici\u00f3n especial del festival llega con sorpresas exclusivas: los 500 primeros asistentes con entrada de pago recibir\u00e1n un regalo conmemorativo, habr\u00e1 descuentos cruzados con la edici\u00f3n en Valencia, y quienes se alojen en hoteles asociados a HOSBEC este fin de semana disfrutar\u00e1n de entrada gratuita al evento.<\/p>   <p>Las entradas en modalidad general, VIP y mesas ya est\u00e1n disponibles en <a href=\"http:\/\/www.homenajealaruta.com\/\" target=\"_blank\" rel=\"nofollow\"><u>www.homenajealaruta.com<\/u><\/a><\/p> ","protected":false},"excerpt":{"rendered":"<p>El pr\u00f3ximo 7 de junio el Auditorio Julio Iglesias acoge una edici\u00f3n especial del festival que conecta generaciones a ritmo de los grandes hits de los 90 y 2000<\/p>\n","protected":false},"author":0,"featured_media":15619,"comment_status":"open","ping_status":"open","sticky":false,"template":"","format":"standard","meta":{"_acf_changed":false,"footnotes":""},"categories":[1],"tags":[],"class_list":["post-15618","post","type-post","status-publish","format-standard","has-post-thumbnail","hentry","category-sin-categoria"],"acf":{"ser_id":"6BFDVNW63BBONBX645OAKROZ7Q","ser_url":"https:\/\/cadenaser.com\/comunitat-valenciana\/2025\/06\/03\/benidorm-inaugura-la-temporada-de-festivales-con-el-quinto-aniversario-del-mitico-homenaje-a-la-ruta-90s-2mil-radio-benidorm\/"},"_links":{"self":[{"href":"https:\/\/serbenidorm.daliisolutions.com\/index.php\/wp-json\/wp\/v2\/posts\/15618","targetHints":{"allow":["GET"]}}],"collection":[{"href":"https:\/\/serbenidorm.daliisolutions.com\/index.php\/wp-json\/wp\/v2\/posts"}],"about":[{"href":"https:\/\/serbenidorm.daliisolutions.com\/index.php\/wp-json\/wp\/v2\/types\/post"}],"replies":[{"embeddable":true,"href":"https:\/\/serbenidorm.daliisolutions.com\/index.php\/wp-json\/wp\/v2\/comments?post=15618"}],"version-history":[{"count":0,"href":"https:\/\/serbenidorm.daliisolutions.com\/index.php\/wp-json\/wp\/v2\/posts\/15618\/revisions"}],"wp:featuredmedia":[{"embeddable":true,"href":"https:\/\/serbenidorm.daliisolutions.com\/index.php\/wp-json\/wp\/v2\/media\/15619"}],"wp:attachment":[{"href":"https:\/\/serbenidorm.daliisolutions.com\/index.php\/wp-json\/wp\/v2\/media?parent=15618"}],"wp:term":[{"taxonomy":"category","embeddable":true,"href":"https:\/\/serbenidorm.daliisolutions.com\/index.php\/wp-json\/wp\/v2\/categories?post=15618"},{"taxonomy":"post_tag","embeddable":true,"href":"https:\/\/serbenidorm.daliisolutions.com\/index.php\/wp-json\/wp\/v2\/tags?post=15618"}],"curies":[{"name":"wp","href":"https:\/\/api.w.org\/{rel}","templated":true}]}}