{"id":15637,"date":"2025-06-03T18:54:39","date_gmt":"2025-06-03T16:54:39","guid":{"rendered":"https:\/\/serbenidorm.daliisolutions.com\/index.php\/2025\/06\/03\/zona-de-bajas-emisiones-de-benidorm-la-plataforma-roza-el-millar-de-altas-a-un-mes-de-que-empiecen-las-multas\/"},"modified":"2025-06-03T18:54:39","modified_gmt":"2025-06-03T16:54:39","slug":"zona-de-bajas-emisiones-de-benidorm-la-plataforma-roza-el-millar-de-altas-a-un-mes-de-que-empiecen-las-multas","status":"publish","type":"post","link":"https:\/\/serbenidorm.daliisolutions.com\/index.php\/2025\/06\/03\/zona-de-bajas-emisiones-de-benidorm-la-plataforma-roza-el-millar-de-altas-a-un-mes-de-que-empiecen-las-multas\/","title":{"rendered":"Zona de Bajas Emisiones de Benidorm: la plataforma roza el millar de altas a un mes de que empiecen las multas"},"content":{"rendered":"  <p><div data-adtype=\"MLDB\"><\/div><\/p>   <p>Benidorm<\/p>   <p>El 1 de julio ser\u00e1 el primer d\u00eda en que la Zona de Bajas Emisiones (ZBE) de Benidorm funcione de verdad si se atiende a que empezar\u00e1 a sancionarse la circulaci\u00f3n indebida dentro de sus 74 hect\u00e1reas, que comprenden la mayor parte del centro urbano e importantes \u00e1reas de Levante y de Poniente.<\/p>   <p>En realidad la ZBE est\u00e1 en vigor desde el primero de enero pero hasta ahora se ha desarrollado la denominada fase informativa en la que no se han establecido esas multas que, seg\u00fan contempla la ordenanza aprobada al respecto, ir\u00e1n de 100 a 500 euros seg\u00fan la gravedad de la infracci\u00f3n.<\/p>   <p>Lo de este primer semestre del a\u00f1o ha sido pedagog\u00eda, en palabras del concejal de Movilidad Francis Mu\u00f1oz y la responsable de la oficina presencial de atenci\u00f3n al p\u00fablico que atiende en el Ayuntamiento cada ma\u00f1ana de lunes a viernes para explicar qui\u00e9n y c\u00f3mo puede transitar con su veh\u00edculo. <\/p>   <p>Ambos han detallado adem\u00e1s que hasta la fecha han sido m\u00e1s de 820 las altas que se han registrado en la plataforma online donde se gestionan los permisos de circulaci\u00f3n, <a href=\"https:\/\/zbe.benidorm.org\" target=\"_blank\" rel=\"nofollow\" title=\"https:\/\/zbe.benidorm.org\">zbe.benidorm.org<\/a>, y que seg\u00fan Mu\u00f1oz responden en su mayor\u00eda a aquellos que tienen segundas residencias o alquileres.<\/p>   <p>Y es que los empadronados podr\u00e1n circular libremente, al menos, por el \u00e1rea Centro de la ZBE: \u00abHay recorridos alternativos; el vecino del Rinc\u00f3n podr\u00e1 acceder al centro por avenida Europa, Comunidad Valenciana, Alfonso Puchades y calle Primavera\u00bb, ha detallado. Esto excluye, por ejemplo, llegar a la zona del Ayuntamiento a trav\u00e9s de la avenida Mediterr\u00e1neo, que atraviesa por el \u00e1rea Levante de la ZBE.<\/p>   <p>Las diez preguntas m\u00e1s frecuentes<\/p>   <p><li>\u00bfLas personas que est\u00e1n empadronadas en Benidorm han de solicitar tambi\u00e9n un permiso?<\/li><\/p>   <p>No, si est\u00e1 empadronado en Benidorm y paga aqu\u00ed tambi\u00e9n el IVTM, no ser\u00e1 necesario realizar ning\u00fan permiso.<\/p>   <p><li>\u00bfSi tengo una segunda residencia dentro de la ZBE, podr\u00e9 entrar hasta ella?<\/li><\/p>   <p>S\u00ed, ser\u00e1 necesario realizar el permiso mediante la plataforma, pero s\u00ed podr\u00e1 acceder.<\/p>   <p><li>Si mi veh\u00edculo tiene distintivo ambiental C, ECO, o ZERO, \u00bfPuedo circular por la zona de bajas emisiones?<\/li><\/p>   <p>Cualquier veh\u00edculo que necesite entrar a la zona de bajas emisiones ha de realizar el permiso pertinente.<\/p>   <p><li>\u00bfTengo un negocio dentro de la ZBE, mis clientes han de realizar un permiso cada vez que quieran venir?<\/li><\/p>   <p>No ser\u00e1 necesario en el caso de que est\u00e9 empadronado, o ya tenga un permiso solicitado, como segunda residencia o como trabajador dentro de la ZBE. En el caso de que no le sea permitida la entrada, tiene la opci\u00f3n de estacionar el veh\u00edculo en un parking p\u00fablico.<\/p>   <p><li>\u00bfSi viene un familiar o amigo a visitarme, podr\u00e1 entrar en la zona de bajas emisiones?<\/li><\/p>   <p>S\u00ed. Se ha dispuesto de 10 permisos al mes, para las personas que est\u00e1n empadronadas dentro de la ZBE para que puedan darlo a aquellos veh\u00edculos que ellos deseen.<\/p>   <p><li>No estoy empadronado, pero poseo una plaza de garaje dentro de la zona de bajas emisiones, \u00bfpuedo acceder a ella?<\/li><\/p>   <p>S\u00ed. Cualquier persona que posea una plaza de garaje en propiedad o alquiler, podr\u00e1 acceder a ella, realizando previo permiso.<\/p>   <p><li>Tengo un familiar mayor que vive en la ZBE, y nosotros nos encontramos fuera, si ocurriera alguna situaci\u00f3n de fuerza mayor, \u00bfDeber\u00eda pedir el permiso para llegar, o podr\u00eda solicitarlo despu\u00e9s, una vez la situaci\u00f3n se haya calmado?<\/li><\/p>   <p>En ese caso, el permiso se podr\u00eda solicitar despu\u00e9s.<\/p>   <p><li>Si no soy empadronado en Benidorm, y necesito entrar en la zona de bajas emisiones, \u00bfpuedo aparcar en parquin p\u00fablico y\/o zona azul?<\/li><\/p>   <p>Puede estacionar el veh\u00edculo en el parquin p\u00fablico, y en ese caso el usuario no tendr\u00eda que hacer nada, ser\u00eda el propio parquin quien volcara las matr\u00edculas al sistema. Sin embargo, la zona azul dentro de la ZBE se conservar\u00e1 para residentes y trabajadores de la ZBE.<\/p>   <p><li>Si hago un permiso con un veh\u00edculo (Ej: para ir a trabajar) y se estropea y necesito cambiar de veh\u00edculo, \u00bfPuedo realizar un permiso para poder entrar con un veh\u00edculo distinto al que ya hab\u00eda registrado anteriormente?<\/li><\/p>   <p>S\u00ed. En el caso justificado de que se tuviera que cambiar de veh\u00edculo por fuerza mayor, se puede realizar un permiso puntual para poder entrar con un veh\u00edculo distinto.<\/p>   <p><li>Una vez que hayamos realizado el permiso, \u00bfes necesario hacerlo cada veza que vaya a entrar a la ZBE?<\/li><\/p>   <p>No. Los permisos se renuevan anualmente, excepto aquellos que son por motivos puntuales.<\/p> ","protected":false},"excerpt":{"rendered":"<p>La ordenanza contempla sanciones de 100 a 500 euros<\/p>\n","protected":false},"author":0,"featured_media":15638,"comment_status":"open","ping_status":"open","sticky":false,"template":"","format":"standard","meta":{"_acf_changed":false,"footnotes":""},"categories":[1],"tags":[],"class_list":["post-15637","post","type-post","status-publish","format-standard","has-post-thumbnail","hentry","category-sin-categoria"],"acf":{"ser_id":"7V3UIR7BKJBU5DO7KC3IY4LWWU","ser_url":"https:\/\/cadenaser.com\/comunitat-valenciana\/2025\/06\/03\/zona-de-bajas-emisiones-de-benidorm-la-plataforma-roza-el-millar-de-altas-a-un-mes-de-que-empiecen-las-multas-radio-benidorm\/"},"_links":{"self":[{"href":"https:\/\/serbenidorm.daliisolutions.com\/index.php\/wp-json\/wp\/v2\/posts\/15637","targetHints":{"allow":["GET"]}}],"collection":[{"href":"https:\/\/serbenidorm.daliisolutions.com\/index.php\/wp-json\/wp\/v2\/posts"}],"about":[{"href":"https:\/\/serbenidorm.daliisolutions.com\/index.php\/wp-json\/wp\/v2\/types\/post"}],"replies":[{"embeddable":true,"href":"https:\/\/serbenidorm.daliisolutions.com\/index.php\/wp-json\/wp\/v2\/comments?post=15637"}],"version-history":[{"count":0,"href":"https:\/\/serbenidorm.daliisolutions.com\/index.php\/wp-json\/wp\/v2\/posts\/15637\/revisions"}],"wp:featuredmedia":[{"embeddable":true,"href":"https:\/\/serbenidorm.daliisolutions.com\/index.php\/wp-json\/wp\/v2\/media\/15638"}],"wp:attachment":[{"href":"https:\/\/serbenidorm.daliisolutions.com\/index.php\/wp-json\/wp\/v2\/media?parent=15637"}],"wp:term":[{"taxonomy":"category","embeddable":true,"href":"https:\/\/serbenidorm.daliisolutions.com\/index.php\/wp-json\/wp\/v2\/categories?post=15637"},{"taxonomy":"post_tag","embeddable":true,"href":"https:\/\/serbenidorm.daliisolutions.com\/index.php\/wp-json\/wp\/v2\/tags?post=15637"}],"curies":[{"name":"wp","href":"https:\/\/api.w.org\/{rel}","templated":true}]}}