{"id":15649,"date":"2025-06-04T10:35:17","date_gmt":"2025-06-04T08:35:17","guid":{"rendered":"https:\/\/serbenidorm.daliisolutions.com\/index.php\/2025\/06\/04\/el-c-v-playas-de-benidorm-confia-a-adriano-lamb-su-primer-proyecto-en-superliga\/"},"modified":"2025-06-04T10:35:17","modified_gmt":"2025-06-04T08:35:17","slug":"el-c-v-playas-de-benidorm-confia-a-adriano-lamb-su-primer-proyecto-en-superliga","status":"publish","type":"post","link":"https:\/\/serbenidorm.daliisolutions.com\/index.php\/2025\/06\/04\/el-c-v-playas-de-benidorm-confia-a-adriano-lamb-su-primer-proyecto-en-superliga\/","title":{"rendered":"El C.V. Playas de Benidorm conf\u00eda a Adriano Lamb su primer proyecto en Superliga"},"content":{"rendered":"  <p><div data-adtype=\"MLDB\"><\/div><\/p>   <p>Benidorm<\/p>   <p>Apenas mes y medio despu\u00e9s de haber conquistado el ascenso a la Superliga Masculina, el Club Voleibol Playas de Benidorm ha oficializado las primeras decisiones respecto a esa temporada de debut en la m\u00e1xima categor\u00eda. Por el momento, y a la espera de conocer las primeras renovaciones y, sobre todo, los nombres de los refuerzos del equipo masculino, el principal titular del momento pasa por el banquillo y es que, como cab\u00eda esperar, la directiva de la entidad del pabell\u00f3n Ra\u00fal Mesa ha confiado en su entrenador durante las dos \u00faltimas campa\u00f1as, Adriano Lamb, la direcci\u00f3n de su primer proyecto en la \u00e9lite.<\/p>   <p>En un comunicado hecho p\u00fablico este mi\u00e9rcoles, el club califica al t\u00e9cnico brasile\u00f1o como \u201cuna pieza clave en el crecimiento deportivo del Servigroup Playas de Benidorm en los \u00faltimos a\u00f1os\u201d. Una confianza que no se limita \u00fanicamente a la figura del primer entrenador ya que, junto a \u00e9l, volver\u00e1 a sentarse Iv\u00e1n Navarro como segundo entrenador dando continuidad as\u00ed a la dupla que ha conquistado el mayor logro deportivo de la historia de la entidad.<\/p>   <p>Tras hacerse oficial su renovaci\u00f3n, Lamb ha reconocido estar \u201cenormemente agradecido al club por la confianza depositada en m\u00ed y por darme la oportunidad de cumplir un sue\u00f1o, que no es otro que dirigir al equipo en la m\u00e1xima categor\u00eda, en la Superliga Masculina\u201d. <\/p>   <p>Aunque todav\u00eda no se han hecho p\u00fablicos muchos detalles sobre la confecci\u00f3n de la plantilla de la pr\u00f3xima temporada, el entrenador brasile\u00f1o se ha declarado \u201cconvencido de que el club har\u00e1 un gran esfuerzo por confeccionar una plantilla muy competitiva para cumplir el objetivo de asentarnos en la categor\u00eda ante equipos muy fuertes e hist\u00f3ricos que nos van a hacer vibrar ante nuestra afici\u00f3n\u201d.<\/p>   <p><b>Adi\u00f3s a Igor Hern\u00e1ndez<\/b><\/p>   <p>A la vez, el Club Voleibol Playas de Benidorm ha oficializado la salida del veterano Igor Hern\u00e1ndez tras cinco temporadas defendiendo los intereses del equipo masculino. A sus 48 a\u00f1os, el papel de Hern\u00e1ndez en este lustro, m\u00e1s all\u00e1 de su aportaci\u00f3n en la pista, ha sido la de un l\u00edder dentro del vestuario, donde ha sido una pieza clave para ir cohesionando el creciente grupo que, a\u00f1o tras a\u00f1o, ha ido haciendo historia hasta lograr el ascenso.<\/p>   <p>Adem\u00e1s, y ya en clave femenina, tambi\u00e9n se ha hecho oficial la baja de la rusa Elena Sviridova, que fue la \u00faltima en incorporarse al equipo de Noelia Santacreu en la reci\u00e9n terminada temporada. <\/p> ","protected":false},"excerpt":{"rendered":"<p>El club del pabell\u00f3n Ra\u00fal Mesa anuncia las salidas de Igor Hern\u00e1ndez y Elena Sviridova<\/p>\n","protected":false},"author":0,"featured_media":15650,"comment_status":"open","ping_status":"open","sticky":false,"template":"","format":"standard","meta":{"_acf_changed":false,"footnotes":""},"categories":[16],"tags":[],"class_list":["post-15649","post","type-post","status-publish","format-standard","has-post-thumbnail","hentry","category-deportes"],"acf":{"ser_id":"2UCL3SODHRBJZD7I2DQY7QHITQ","ser_url":"https:\/\/cadenaser.com\/comunitat-valenciana\/2025\/06\/04\/el-cv-playas-de-benidorm-confia-a-adriano-lamb-su-primer-proyecto-en-superliga-radio-benidorm\/"},"_links":{"self":[{"href":"https:\/\/serbenidorm.daliisolutions.com\/index.php\/wp-json\/wp\/v2\/posts\/15649","targetHints":{"allow":["GET"]}}],"collection":[{"href":"https:\/\/serbenidorm.daliisolutions.com\/index.php\/wp-json\/wp\/v2\/posts"}],"about":[{"href":"https:\/\/serbenidorm.daliisolutions.com\/index.php\/wp-json\/wp\/v2\/types\/post"}],"replies":[{"embeddable":true,"href":"https:\/\/serbenidorm.daliisolutions.com\/index.php\/wp-json\/wp\/v2\/comments?post=15649"}],"version-history":[{"count":0,"href":"https:\/\/serbenidorm.daliisolutions.com\/index.php\/wp-json\/wp\/v2\/posts\/15649\/revisions"}],"wp:featuredmedia":[{"embeddable":true,"href":"https:\/\/serbenidorm.daliisolutions.com\/index.php\/wp-json\/wp\/v2\/media\/15650"}],"wp:attachment":[{"href":"https:\/\/serbenidorm.daliisolutions.com\/index.php\/wp-json\/wp\/v2\/media?parent=15649"}],"wp:term":[{"taxonomy":"category","embeddable":true,"href":"https:\/\/serbenidorm.daliisolutions.com\/index.php\/wp-json\/wp\/v2\/categories?post=15649"},{"taxonomy":"post_tag","embeddable":true,"href":"https:\/\/serbenidorm.daliisolutions.com\/index.php\/wp-json\/wp\/v2\/tags?post=15649"}],"curies":[{"name":"wp","href":"https:\/\/api.w.org\/{rel}","templated":true}]}}