{"id":15662,"date":"2025-06-04T12:03:01","date_gmt":"2025-06-04T10:03:01","guid":{"rendered":"https:\/\/serbenidorm.daliisolutions.com\/index.php\/2025\/06\/04\/benidorm-llega-a-la-temporada-alta-con-los-hoteles-mas-llenos-que-el-ano-pasado\/"},"modified":"2025-06-04T12:03:01","modified_gmt":"2025-06-04T10:03:01","slug":"benidorm-llega-a-la-temporada-alta-con-los-hoteles-mas-llenos-que-el-ano-pasado","status":"publish","type":"post","link":"https:\/\/serbenidorm.daliisolutions.com\/index.php\/2025\/06\/04\/benidorm-llega-a-la-temporada-alta-con-los-hoteles-mas-llenos-que-el-ano-pasado\/","title":{"rendered":"Benidorm llega a la temporada alta con los hoteles m\u00e1s llenos que el a\u00f1o pasado"},"content":{"rendered":"  <p><div data-adtype=\"MLDB\"><\/div><\/p>   <p>Benidorm<\/p>   <p>La temporada alta ser\u00e1 con el mercado internacional o no ser\u00e1 es una de las principales conclusiones de la patronal hotelera Hosbec tras su informe de ocupaciones del mes de mayo que refleja como <a href=\"https:\/\/cadenaser.com\/tag\/benidorm\/a\/\" target=\"_blank\" rel=\"nofollow\" title=\"https:\/\/cadenaser.com\/tag\/benidorm\/a\/\">el turista extranjero ha supuesto, por ejemplo, el 66% del total de los visitantes de Benidorm, la ciudad con mejores registros durante el mes pasado<\/a>. <\/p>   <p>Destaca en ese segmento la fidelidad de los brit\u00e1nicos, que han ocupado casi la mitad de la planta hotelera de la ciudad superando en representatividad al turista nacional, que ha significado poco menos del 35% del total.<\/p>  <p><p>M\u00e1s informaci\u00f3n<\/p><figure><img decoding=\"async\" src=\"https:\/\/cadenaser.com\/resizer\/v2\/XCYRRJVZB5BP5CBCFMXYQTIDUY.jpg?auth=22a945172a18048fd1bb028e79bbbd8a3ad11e163c16008cb7d4133d3700a4d7&amp;quality=70&amp;width=360&amp;height=202&amp;smart=true\" width=\"820\" height=\"621\" loading=\"lazy\" \/><\/figure><ul><li><a href=\"https:\/\/cadenaser.com\/comunitat-valenciana\/2025\/06\/03\/zona-de-bajas-emisiones-de-benidorm-la-plataforma-roza-el-millar-de-altas-a-un-mes-de-que-empiecen-las-multas-radio-benidorm\/\"><span>Zona de Bajas Emisiones de Benidorm: la plataforma roza el millar de altas a un mes de que empiecen las multas<\/span><\/a><\/li><\/ul><\/p>   <p>Todo ello ha permitido a Benidorm cerrar mayo con una ocupaci\u00f3n hotelera del 84,7%, lo que significa un crecimiento de siete d\u00e9cimas respecto al mismo mes del a\u00f1o pasado. Adem\u00e1s, la previsi\u00f3n para la primera quincena de junio ya supera esa cifra y eso que, insisten desde Hosbec, las reservas cada vez se hacen con menos antelaci\u00f3n.<\/p>   <p>Cuando se abre el foco al resto de la Costa Blanca, el panorama es algo menos positivo, ya que, en t\u00e9rminos interanuales, se han perdido casi cuatro enteros respecto al anterior mes de mayo, qued\u00e1ndose este quinto mes de 2025 en un buen 78,4% de ocupaci\u00f3n media (frente al 82,3% registrado en 2024).<\/p>   <p>Desde la patronal hotelera se refleja que en esta bajada ha jugado un papel importante el comportamiento de la zona de Alicante Sur, que pasa del 83,9% en mayo 2024 al 79,4% en mayo 2025, y cuya segunda quincena cae hasta un 76,2%.<\/p>   <p>Aqu\u00ed, el mercado nacional sigue siendo el m\u00e1s relevante, aunque pierde peso frente al internacional. En la Costa Blanca, los espa\u00f1oles representaron el 40,9% en la segunda quincena y el 42% en el conjunto del mes. Le siguen Reino Unido como origen internacional m\u00e1s destacado con un 17%, B\u00e9lgica, Pa\u00edses Bajos e Irlanda como principales mercados emisores.<\/p>   <p>La dana s\u00f3lo se refleja en el lujo<\/p>   <p>M\u00e1s al norte, en la provincia de Valencia, los resultados del mes de mayo tambi\u00e9n han supuesto un retroceso respecto al mismo periodo de 2024, registrando ahora un 84,4% de ocupaci\u00f3n frente al 88,2% del pasado a\u00f1o.<\/p>   <p>En todo caso, los responsables de Hosbec se congratulan de que el efecto de las secuelas de la Dana, especialmente en el mercado internacional, se est\u00e1 reduciendo oleada tras oleada. En ese sentido, resulta curioso el hecho de que los hoteles de 4 estrellas hayan registrado una mejor segunda quincena de mayo en 2025 que en 2024, aunque es en los establecimientos de mayor categor\u00eda, los de cinco estrellas, donde m\u00e1s se sigue notando la reticencia de los visitantes internacionales por la regi\u00f3n siete meses despu\u00e9s de la cat\u00e1strofe.<\/p> ","protected":false},"excerpt":{"rendered":"<p>Los brit\u00e1nicos empujan la ocupaci\u00f3n durante mayo<\/p>\n","protected":false},"author":0,"featured_media":15663,"comment_status":"open","ping_status":"open","sticky":false,"template":"","format":"standard","meta":{"_acf_changed":false,"footnotes":""},"categories":[1],"tags":[],"class_list":["post-15662","post","type-post","status-publish","format-standard","has-post-thumbnail","hentry","category-sin-categoria"],"acf":{"ser_id":"FFTP3VV365AAZA36FRPLUXT5NU","ser_url":"https:\/\/cadenaser.com\/comunitat-valenciana\/2025\/06\/04\/benidorm-llega-a-la-temporada-alta-con-los-hoteles-mas-llenos-que-el-ano-pasado-radio-benidorm\/"},"_links":{"self":[{"href":"https:\/\/serbenidorm.daliisolutions.com\/index.php\/wp-json\/wp\/v2\/posts\/15662","targetHints":{"allow":["GET"]}}],"collection":[{"href":"https:\/\/serbenidorm.daliisolutions.com\/index.php\/wp-json\/wp\/v2\/posts"}],"about":[{"href":"https:\/\/serbenidorm.daliisolutions.com\/index.php\/wp-json\/wp\/v2\/types\/post"}],"replies":[{"embeddable":true,"href":"https:\/\/serbenidorm.daliisolutions.com\/index.php\/wp-json\/wp\/v2\/comments?post=15662"}],"version-history":[{"count":0,"href":"https:\/\/serbenidorm.daliisolutions.com\/index.php\/wp-json\/wp\/v2\/posts\/15662\/revisions"}],"wp:featuredmedia":[{"embeddable":true,"href":"https:\/\/serbenidorm.daliisolutions.com\/index.php\/wp-json\/wp\/v2\/media\/15663"}],"wp:attachment":[{"href":"https:\/\/serbenidorm.daliisolutions.com\/index.php\/wp-json\/wp\/v2\/media?parent=15662"}],"wp:term":[{"taxonomy":"category","embeddable":true,"href":"https:\/\/serbenidorm.daliisolutions.com\/index.php\/wp-json\/wp\/v2\/categories?post=15662"},{"taxonomy":"post_tag","embeddable":true,"href":"https:\/\/serbenidorm.daliisolutions.com\/index.php\/wp-json\/wp\/v2\/tags?post=15662"}],"curies":[{"name":"wp","href":"https:\/\/api.w.org\/{rel}","templated":true}]}}