{"id":15669,"date":"2025-06-04T14:28:19","date_gmt":"2025-06-04T12:28:19","guid":{"rendered":"https:\/\/serbenidorm.daliisolutions.com\/index.php\/2025\/06\/04\/patrimonio-historico-agosto-de-conciertos-en-lhort-de-colon-de-benidorm\/"},"modified":"2025-06-04T14:28:19","modified_gmt":"2025-06-04T12:28:19","slug":"patrimonio-historico-agosto-de-conciertos-en-lhort-de-colon-de-benidorm","status":"publish","type":"post","link":"https:\/\/serbenidorm.daliisolutions.com\/index.php\/2025\/06\/04\/patrimonio-historico-agosto-de-conciertos-en-lhort-de-colon-de-benidorm\/","title":{"rendered":"Patrimonio Hist\u00f3rico: Agosto de conciertos en l&#8217;Hort de Col\u00f3n de Benidorm"},"content":{"rendered":"  <p><div data-adtype=\"MLDB\"><\/div><\/p>   <p>Benidorm<\/p>   <p>Benidorm ha programado un ciclo de conciertos dentro de la programaci\u00f3n \u2018Estiu a l\u2019Hort\u2019, que se desarrollar\u00e1n el pr\u00f3ximo mes de agosto en los jardines de la Casa Museu de l\u2019Hort de Col\u00f3n. <\/p>   <p>En nuestra secci\u00f3n sobre Patrimonio Hist\u00f3rico de <a href=\"https:\/\/radiobenidorm.es\" target=\"_blank\" rel=\"nofollow\" title=\"https:\/\/radiobenidorm.es\">Hoy por Hoy Benidorm<\/a>, Ana Pellicer y Fernando Mah\u00edques nos han detallado la programaci\u00f3n de conciertos de \u00abm\u00fasica cl\u00e1sica y tranquila para disfrutar de un entorno que transmite paz a pesar de estar en pleno centro de Benidorm\u00bb. <\/p>   <p>Esta edici\u00f3n de \u2018Estiu a l\u2019Hort\u2019 tendr\u00e1 lugar todos los s\u00e1bados del mes de agosto, a las 21 horas, con entrada libre y gratuita hasta completar el aforo.<\/p>   <p>El primer concierto tendr\u00e1 lugar el s\u00e1bado 2 de agosto, con \u2018Las cuatro estaciones de Vivaldi\u2019, interpretadas por el cuarteto de cuerda Salzillo.<\/p>   <p>Le seguir\u00e1 el s\u00e1bado 9 de agosto el recital \u2018Melod\u00edas rom\u00e1nticas\u2019, a cargo del d\u00fao de viol\u00edn y piano Scordaduo.<\/p>   <p>El siguiente concierto tendr\u00e1 lugar el s\u00e1bado 16 de agosto, con la m\u00fasica de \u2018Juego de Tronos\u2019, que interpretar\u00e1 el d\u00fao de violonchelos Duo Millos.<\/p>   <p>Seguidamente, el s\u00e1bado 23 de agosto, el viol\u00edn, violonchelo y piano del Tr\u00edo Limerence, deleitar\u00e1n al p\u00fablico con \u2018M\u00fasica en el cine\u2019.<\/p>   <p>La \u00faltima cita ser\u00e1 el s\u00e1bado 30 de agosto, con la interpretaci\u00f3n del concierto titulado \u2018Modernismo en la m\u00fasica\u2019 a cargo de Orchestralia, el cuarteto formado por dos violines, un violonchelo y un piano.<\/p> ","protected":false},"excerpt":{"rendered":"<p>\u00abEstiu a l&#8217;Hort\u00bb tendr\u00e1 entrada gratuita todos los s\u00e1bados a las 21.00 horas hasta llenar aforo<\/p>\n","protected":false},"author":0,"featured_media":15670,"comment_status":"open","ping_status":"open","sticky":false,"template":"","format":"standard","meta":{"_acf_changed":false,"footnotes":""},"categories":[1],"tags":[],"class_list":["post-15669","post","type-post","status-publish","format-standard","has-post-thumbnail","hentry","category-sin-categoria"],"acf":{"ser_id":"BGCIAYQLRJHSNJ3WNY3N75A65Q","ser_url":"https:\/\/cadenaser.com\/comunitat-valenciana\/2025\/06\/04\/patrimonio-historico-agosto-de-conciertos-en-lhort-de-colon-de-benidorm-radio-benidorm\/"},"_links":{"self":[{"href":"https:\/\/serbenidorm.daliisolutions.com\/index.php\/wp-json\/wp\/v2\/posts\/15669","targetHints":{"allow":["GET"]}}],"collection":[{"href":"https:\/\/serbenidorm.daliisolutions.com\/index.php\/wp-json\/wp\/v2\/posts"}],"about":[{"href":"https:\/\/serbenidorm.daliisolutions.com\/index.php\/wp-json\/wp\/v2\/types\/post"}],"replies":[{"embeddable":true,"href":"https:\/\/serbenidorm.daliisolutions.com\/index.php\/wp-json\/wp\/v2\/comments?post=15669"}],"version-history":[{"count":0,"href":"https:\/\/serbenidorm.daliisolutions.com\/index.php\/wp-json\/wp\/v2\/posts\/15669\/revisions"}],"wp:featuredmedia":[{"embeddable":true,"href":"https:\/\/serbenidorm.daliisolutions.com\/index.php\/wp-json\/wp\/v2\/media\/15670"}],"wp:attachment":[{"href":"https:\/\/serbenidorm.daliisolutions.com\/index.php\/wp-json\/wp\/v2\/media?parent=15669"}],"wp:term":[{"taxonomy":"category","embeddable":true,"href":"https:\/\/serbenidorm.daliisolutions.com\/index.php\/wp-json\/wp\/v2\/categories?post=15669"},{"taxonomy":"post_tag","embeddable":true,"href":"https:\/\/serbenidorm.daliisolutions.com\/index.php\/wp-json\/wp\/v2\/tags?post=15669"}],"curies":[{"name":"wp","href":"https:\/\/api.w.org\/{rel}","templated":true}]}}