{"id":15693,"date":"2025-06-05T10:55:51","date_gmt":"2025-06-05T08:55:51","guid":{"rendered":"https:\/\/serbenidorm.daliisolutions.com\/index.php\/2025\/06\/05\/el-c-f-benidorm-anuncia-sus-dos-primeras-renovaciones\/"},"modified":"2025-06-05T10:55:51","modified_gmt":"2025-06-05T08:55:51","slug":"el-c-f-benidorm-anuncia-sus-dos-primeras-renovaciones","status":"publish","type":"post","link":"https:\/\/serbenidorm.daliisolutions.com\/index.php\/2025\/06\/05\/el-c-f-benidorm-anuncia-sus-dos-primeras-renovaciones\/","title":{"rendered":"El C.F. Benidorm anuncia sus dos primeras renovaciones"},"content":{"rendered":"  <p><div data-adtype=\"MLDB\"><\/div><\/p>   <p>Benidorm<\/p>   <p>Tras el varapalo deportivo que supuso la consumaci\u00f3n del descenso a la Lliga Comunitat, el C.F. Benidorm ha comenzado ya a trabajar en los despachos para confeccionar la plantilla que, a las \u00f3rdenes de Javier Vidales, tratar\u00e1 de regresar a la Tercera RFEF la pr\u00f3xima temporada.<\/p>   <p>En ese sentido, y tras confirmar la continuidad del entrenador, el club ha oficializado ya la renovaci\u00f3n de dos de sus jugadores. El primero en haber firmado la prolongaci\u00f3n de su contrato fue Patricio Margara \u2018Pato\u2019. El centrocampista, que cumplir\u00e1 25 a\u00f1os el pr\u00f3ximo mes de septiembre, completar\u00e1 as\u00ed su sexta temporada en las filas benidormenses, a las que lleg\u00f3 en la temporada 2020\/2021 procedente de la UD Ilicitana. <\/p>   <p>En este tiempo, \u2018Pato\u2019 se ha convertido en una pieza clave del once del Guillermo Amor, habiendo logrado 27 goles con la camiseta del C.F. Benidorm.<\/p>   <p>Adem\u00e1s, el C.F. Benidorm ha querido mostrar su apuesta por la cantera haciendo p\u00fablica la renovaci\u00f3n de H\u00e9ctor Cario, uno de los juveniles que durante la reci\u00e9n terminada temporada se ha hecho un hueco en la primera plantilla y que en el pr\u00f3ximo curso se espera que cuente todav\u00eda con m\u00e1s minutos en la Lliga Comunitat.<\/p>   <p>Con s\u00f3lo 17 a\u00f1os, Cario sumar\u00e1 su tercera temporada en la entidad del Guillermo Amor, a la que lleg\u00f3 procedente del Gand\u00eda cadete en 2023 y en la que, tras militar en el Juvenil, ha sabido ganarse la confianza de un Vidales que, siempre que ha tenido la ocasi\u00f3n, no ha dudado en deshacerse en elogios hacia el jugador.<\/p> ","protected":false},"excerpt":{"rendered":"<p>\u2018Pato\u2019 y Cario seguir\u00e1n en el equipo del Guillermo Amor en su regreso a la Lliga Comunitat<\/p>\n","protected":false},"author":0,"featured_media":15694,"comment_status":"open","ping_status":"open","sticky":false,"template":"","format":"standard","meta":{"_acf_changed":false,"footnotes":""},"categories":[16],"tags":[],"class_list":["post-15693","post","type-post","status-publish","format-standard","has-post-thumbnail","hentry","category-deportes"],"acf":{"ser_id":"HIIEWCICZNE3PJYJ4PGTMAS2RM","ser_url":"https:\/\/cadenaser.com\/comunitat-valenciana\/2025\/06\/05\/el-cf-benidorm-anuncia-sus-dos-primeras-renovaciones-radio-benidorm\/"},"_links":{"self":[{"href":"https:\/\/serbenidorm.daliisolutions.com\/index.php\/wp-json\/wp\/v2\/posts\/15693","targetHints":{"allow":["GET"]}}],"collection":[{"href":"https:\/\/serbenidorm.daliisolutions.com\/index.php\/wp-json\/wp\/v2\/posts"}],"about":[{"href":"https:\/\/serbenidorm.daliisolutions.com\/index.php\/wp-json\/wp\/v2\/types\/post"}],"replies":[{"embeddable":true,"href":"https:\/\/serbenidorm.daliisolutions.com\/index.php\/wp-json\/wp\/v2\/comments?post=15693"}],"version-history":[{"count":0,"href":"https:\/\/serbenidorm.daliisolutions.com\/index.php\/wp-json\/wp\/v2\/posts\/15693\/revisions"}],"wp:featuredmedia":[{"embeddable":true,"href":"https:\/\/serbenidorm.daliisolutions.com\/index.php\/wp-json\/wp\/v2\/media\/15694"}],"wp:attachment":[{"href":"https:\/\/serbenidorm.daliisolutions.com\/index.php\/wp-json\/wp\/v2\/media?parent=15693"}],"wp:term":[{"taxonomy":"category","embeddable":true,"href":"https:\/\/serbenidorm.daliisolutions.com\/index.php\/wp-json\/wp\/v2\/categories?post=15693"},{"taxonomy":"post_tag","embeddable":true,"href":"https:\/\/serbenidorm.daliisolutions.com\/index.php\/wp-json\/wp\/v2\/tags?post=15693"}],"curies":[{"name":"wp","href":"https:\/\/api.w.org\/{rel}","templated":true}]}}