{"id":15695,"date":"2025-06-05T11:12:47","date_gmt":"2025-06-05T09:12:47","guid":{"rendered":"https:\/\/serbenidorm.daliisolutions.com\/index.php\/2025\/06\/05\/el-club-balonmano-benidorm-oficializa-a-ivan-nikcevic-como-director-deportivo\/"},"modified":"2025-06-05T11:12:47","modified_gmt":"2025-06-05T09:12:47","slug":"el-club-balonmano-benidorm-oficializa-a-ivan-nikcevic-como-director-deportivo","status":"publish","type":"post","link":"https:\/\/serbenidorm.daliisolutions.com\/index.php\/2025\/06\/05\/el-club-balonmano-benidorm-oficializa-a-ivan-nikcevic-como-director-deportivo\/","title":{"rendered":"El Club Balonmano Benidorm oficializa a Ivan Nik\u010devi\u0107 como director deportivo"},"content":{"rendered":"  <p><div data-adtype=\"MLDB\"><\/div><\/p>   <p>Benidorm<\/p>   <p>Menos de una semana despu\u00e9s del final de la Liga Asobal, el Club Balonmano Benidorm ha comunicado este jueves el acuerdo alcanzado con Ivan Nik\u010devi\u0107, que se convierte, ya de manera oficial, en el director deportivo de la entidad, un cargo que ocupar\u00e1 las dos pr\u00f3ximas temporadas.<\/p>   <p>Seg\u00fan el comunicado del club, \u201cla finalidad de esta incorporaci\u00f3n es fortalecer la estructura deportiva del club y potenciar su proyecto de ascenso\u201d a la Liga Asobal. <\/p>   <p>El exjugador, que concluy\u00f3 su carrera deportiva en Benidorm tras disputar sus \u00faltimas tres temporadas en el equipo, \u201cconoce a fondo los entresijos y el funcionamiento de la entidad\u201d. De hecho, y aunque nunca se comunic\u00f3 p\u00fablicamente, Nik\u010devi\u0107 ha venido ejerciendo como director deportivo del Club Balonmano Benidorm durante el tramo final de la reci\u00e9n terminada temporada, por lo que m\u00e1s que una llegada, este acuerdo supone una renovaci\u00f3n en sus funciones.<\/p>   <p>Desde la entidad del Palau d\u2019Esports se espera que \u201csu experiencia y conocimiento sean fundamentales para conformar un equipo competitivo en la Divisi\u00f3n de Honor Plata, con el objetivo claro de situarse en los primeros puestos de la clasificaci\u00f3n al cierre de la temporada\u201d. <\/p>   <p>Desde el club conf\u00edan en que su experiencia en el mundo del balonmano aportar\u00e1 un salto cualitativo en la planificaci\u00f3n y organizaci\u00f3n de la estructura del equipo. Adem\u00e1s, trabajar\u00e1 en estrecha colaboraci\u00f3n con el cuerpo t\u00e9cnico para definir estrategias y establecer objetivos claros. <\/p>   <p>El acuerdo con Ivan Nik\u010devi\u0107 tendr\u00e1 una vigencia de dos temporadas, abarcando los cursos 2025\/2026 y 2026\/2027. <\/p> ","protected":false},"excerpt":{"rendered":"<p>El acuerdo con el exjugador serbio alcanza las dos pr\u00f3ximas temporadas<\/p>\n","protected":false},"author":0,"featured_media":15696,"comment_status":"open","ping_status":"open","sticky":false,"template":"","format":"standard","meta":{"_acf_changed":false,"footnotes":""},"categories":[16],"tags":[],"class_list":["post-15695","post","type-post","status-publish","format-standard","has-post-thumbnail","hentry","category-deportes"],"acf":{"ser_id":"U4S5OJ5QRFH65MBUDYEKAGGM7A","ser_url":"https:\/\/cadenaser.com\/comunitat-valenciana\/2025\/06\/05\/el-club-balonmano-benidorm-oficializa-a-ivan-nikcevic-como-director-deportivo-radio-benidorm\/"},"_links":{"self":[{"href":"https:\/\/serbenidorm.daliisolutions.com\/index.php\/wp-json\/wp\/v2\/posts\/15695","targetHints":{"allow":["GET"]}}],"collection":[{"href":"https:\/\/serbenidorm.daliisolutions.com\/index.php\/wp-json\/wp\/v2\/posts"}],"about":[{"href":"https:\/\/serbenidorm.daliisolutions.com\/index.php\/wp-json\/wp\/v2\/types\/post"}],"replies":[{"embeddable":true,"href":"https:\/\/serbenidorm.daliisolutions.com\/index.php\/wp-json\/wp\/v2\/comments?post=15695"}],"version-history":[{"count":0,"href":"https:\/\/serbenidorm.daliisolutions.com\/index.php\/wp-json\/wp\/v2\/posts\/15695\/revisions"}],"wp:featuredmedia":[{"embeddable":true,"href":"https:\/\/serbenidorm.daliisolutions.com\/index.php\/wp-json\/wp\/v2\/media\/15696"}],"wp:attachment":[{"href":"https:\/\/serbenidorm.daliisolutions.com\/index.php\/wp-json\/wp\/v2\/media?parent=15695"}],"wp:term":[{"taxonomy":"category","embeddable":true,"href":"https:\/\/serbenidorm.daliisolutions.com\/index.php\/wp-json\/wp\/v2\/categories?post=15695"},{"taxonomy":"post_tag","embeddable":true,"href":"https:\/\/serbenidorm.daliisolutions.com\/index.php\/wp-json\/wp\/v2\/tags?post=15695"}],"curies":[{"name":"wp","href":"https:\/\/api.w.org\/{rel}","templated":true}]}}