{"id":15708,"date":"2025-06-05T14:50:39","date_gmt":"2025-06-05T12:50:39","guid":{"rendered":"https:\/\/serbenidorm.daliisolutions.com\/index.php\/2025\/06\/05\/el-cine-solidario-de-lalfas-del-pi-recauda-4-150-euros-para-la-asociacion-juita\/"},"modified":"2025-06-05T14:50:39","modified_gmt":"2025-06-05T12:50:39","slug":"el-cine-solidario-de-lalfas-del-pi-recauda-4-150-euros-para-la-asociacion-juita","status":"publish","type":"post","link":"https:\/\/serbenidorm.daliisolutions.com\/index.php\/2025\/06\/05\/el-cine-solidario-de-lalfas-del-pi-recauda-4-150-euros-para-la-asociacion-juita\/","title":{"rendered":"El Cine Solidario de l&#8217;Alf\u00e0s del P\u00ed recauda 4.150 euros para la Asociaci\u00f3n Juita"},"content":{"rendered":"  <p><div data-adtype=\"MLDB\"><\/div><\/p>   <p>L&#8217;Alf\u00e0s del Pi<\/p>   <p>El ciclo de Cine Solidario de l&#8217;Alf\u00e0s del Pi ha finalizado con la entrega de 4.150 euros a la asociaci\u00f3n Juita Amigos del Pueblo Saharaui Marina Baixa. Una recaudaci\u00f3n que procede del donativo que semanalmente entregan como entrada los asistentes a las proyecciones. <\/p>   <p>En <a href=\"https:\/\/radiobenidorm.es\" target=\"_blank\" rel=\"nofollow\" title=\"https:\/\/radiobenidorm.es\">Hoy por Hoy Benidorm<\/a> el director de este ciclo de cine, Javier Pascual, explica que \u00abapostamos por las proyecciones en versi\u00f3n original subtitulada que se salen del circuito m\u00e1s comercial de las salas de cine convencional y que trasladen al espectador un mensaje, a veces inc\u00f3modo, que les haga pensar y tomar conciencia de otras realidades sociales\u00bb. <\/p>   <p>Pascual ha recordado que este ciclo ya tiene 17 a\u00f1os de antig\u00fcedad y que se retomar\u00e1 el pr\u00f3ximo mes de octubre. \u00abDe octubre a mayo hemos ofrecido 35 pel\u00edculas en proyecciones semanales, todos los jueves\u00bb, recuerda. En toda su andadura el Cine Solidario ha proyectado 611 pel\u00edculas. <\/p>   <p>La recaudaci\u00f3n de este a\u00f1o se invertir\u00e1 en las Escuelas de Educaci\u00f3n Especial y de Ni\u00f1os con Discapacidad Sensorial de los Campamentos de Refugiados Saharauis de Tindouf.<\/p> ","protected":false},"excerpt":{"rendered":"<p>El ciclo ha finalizado con la proyecci\u00f3n de 35 pel\u00edculas con mensaje social<\/p>\n","protected":false},"author":0,"featured_media":15709,"comment_status":"open","ping_status":"open","sticky":false,"template":"","format":"standard","meta":{"_acf_changed":false,"footnotes":""},"categories":[1],"tags":[],"class_list":["post-15708","post","type-post","status-publish","format-standard","has-post-thumbnail","hentry","category-sin-categoria"],"acf":{"ser_id":"QET3X5SPTZHNBDAO5CT4MQTKJY","ser_url":"https:\/\/cadenaser.com\/comunitat-valenciana\/2025\/06\/05\/el-cine-solidario-de-lalfas-del-pi-recauda-4150-euros-para-la-asociacion-juita-radio-benidorm\/"},"_links":{"self":[{"href":"https:\/\/serbenidorm.daliisolutions.com\/index.php\/wp-json\/wp\/v2\/posts\/15708","targetHints":{"allow":["GET"]}}],"collection":[{"href":"https:\/\/serbenidorm.daliisolutions.com\/index.php\/wp-json\/wp\/v2\/posts"}],"about":[{"href":"https:\/\/serbenidorm.daliisolutions.com\/index.php\/wp-json\/wp\/v2\/types\/post"}],"replies":[{"embeddable":true,"href":"https:\/\/serbenidorm.daliisolutions.com\/index.php\/wp-json\/wp\/v2\/comments?post=15708"}],"version-history":[{"count":0,"href":"https:\/\/serbenidorm.daliisolutions.com\/index.php\/wp-json\/wp\/v2\/posts\/15708\/revisions"}],"wp:featuredmedia":[{"embeddable":true,"href":"https:\/\/serbenidorm.daliisolutions.com\/index.php\/wp-json\/wp\/v2\/media\/15709"}],"wp:attachment":[{"href":"https:\/\/serbenidorm.daliisolutions.com\/index.php\/wp-json\/wp\/v2\/media?parent=15708"}],"wp:term":[{"taxonomy":"category","embeddable":true,"href":"https:\/\/serbenidorm.daliisolutions.com\/index.php\/wp-json\/wp\/v2\/categories?post=15708"},{"taxonomy":"post_tag","embeddable":true,"href":"https:\/\/serbenidorm.daliisolutions.com\/index.php\/wp-json\/wp\/v2\/tags?post=15708"}],"curies":[{"name":"wp","href":"https:\/\/api.w.org\/{rel}","templated":true}]}}