{"id":15710,"date":"2025-06-05T15:30:53","date_gmt":"2025-06-05T13:30:53","guid":{"rendered":"https:\/\/serbenidorm.daliisolutions.com\/index.php\/2025\/06\/05\/el-parque-natural-de-serra-gelada-perfeccionara-su-conteo-de-visitantes-con-una-nueva-herramienta-de-geolocalizacion\/"},"modified":"2025-06-05T15:30:53","modified_gmt":"2025-06-05T13:30:53","slug":"el-parque-natural-de-serra-gelada-perfeccionara-su-conteo-de-visitantes-con-una-nueva-herramienta-de-geolocalizacion","status":"publish","type":"post","link":"https:\/\/serbenidorm.daliisolutions.com\/index.php\/2025\/06\/05\/el-parque-natural-de-serra-gelada-perfeccionara-su-conteo-de-visitantes-con-una-nueva-herramienta-de-geolocalizacion\/","title":{"rendered":"El parque natural de Serra Gelada perfeccionar\u00e1 su conteo de visitantes con una nueva herramienta de geolocalizaci\u00f3n"},"content":{"rendered":"  <p><div data-adtype=\"MLDB\"><\/div><\/p>   <p>L&#8217;Alf\u00e0s del Pi<\/p>   <p>Evitar el amplio margen entre el \u00fanico dato oficial disponible, 166.000 visitas anuales, y la estimaci\u00f3n total que hacen desde el parque natural de Serra Gelada, sobre las 300.000, es el objetivo del nuevo sistema de monitorizaci\u00f3n por geolocalizaci\u00f3n que se quiere implantar en este enclave.<\/p>   <p>El Ayuntamiento de l&#8217;Alf\u00e0s del Pi va a desarrollar esta herramienta de sensores presupuestada en 82.500 euros y financiada con fondos europeos para disponer de ella en el segundo semestre de este a\u00f1o, seg\u00fan ha avanzado en <a href=\"https:\/\/cadenaser.com\/tag\/benidorm\/a\/\" target=\"_blank\" rel=\"nofollow\" title=\"https:\/\/cadenaser.com\/tag\/benidorm\/a\/\">Radio Benidorm<\/a> el concejal de Medio Ambiente Luis Miguel Morant.<\/p>  <p><p>M\u00e1s informaci\u00f3n<\/p><figure><img decoding=\"async\" src=\"https:\/\/cadenaser.com\/resizer\/v2\/PT64GXCBZZAGZJ2OHM7JGELMPA.JPG?auth=c38d39ef83f53314f4482eeb133cdc1da7767f293ff0cb66a230aeb2740c6d02&amp;quality=70&amp;width=360&amp;height=202&amp;smart=true\" width=\"820\" height=\"621\" loading=\"lazy\" \/><\/figure><ul><li><a href=\"https:\/\/cadenaser.com\/comunitat-valenciana\/2025\/04\/03\/el-supremo-desestima-el-recurso-de-benidorm-y-condena-al-ayuntamiento-a-pagar-mas-de-300-millones-a-la-familia-murcia-puchades-radio-benidorm\/\"><span>Condena al Ayuntamiento de Benidorm a pagar m\u00e1s de 300 millones de euros por los suelos de Serra Gelada<\/span><\/a><\/li><\/ul><\/p>   <p>Morant ha explicado como este parque mar\u00edtimo terrestre tiene m\u00faltiples accesos y de momento solo cuentan los visitantes de la ruta del Faro y en el horario limitado de 8 de la ma\u00f1ana a tes de la tarde, lo que excluye el resto del d\u00eda o incluso los que no llegan al Centro de Interpretaci\u00f3n y cogen el camino alternativo de una cala. Tampoco se registra quien entra por Benidorm, por ejemplo, para subir a la zona de la Cruz.<\/p>   <p>Es por ello que la nuevo sistema de geolocalizaci\u00f3n permitir\u00e1 hacer el conteo a partir de las se\u00f1ales que env\u00eden los tel\u00e9fonos m\u00f3viles dentro del parque: \u00ab\u00bfQui\u00e9n no lleva un <i>smartphone<\/i> encima? Es un control casi absoluto de cu\u00e1nta gente nos visita\u00bb, ha apuntado el edil alfasino. <\/p>   <p>El de Serra Gelada es, en cualquier caso, el \u00fanico parque natural de la Marina Baixa y uno de los m\u00e1s visitados de toda la Comunitat Valenciana. Su ruta al Faro, habitual de la red de Senderos Azules que reconoce la excelencia de este tipo de experiencias, culmina adem\u00e1s con una de las mejores vistas de la comarca y de la que disfrutan tanto vecinos como turistas.<\/p> ","protected":false},"excerpt":{"rendered":"<p>La monitorizaci\u00f3n actual es limitada y asciende a 166.000 visitas en el \u00faltimo a\u00f1o cuando la estimaci\u00f3n real asciende a 300.000<\/p>\n","protected":false},"author":0,"featured_media":15711,"comment_status":"open","ping_status":"open","sticky":false,"template":"","format":"standard","meta":{"_acf_changed":false,"footnotes":""},"categories":[1],"tags":[],"class_list":["post-15710","post","type-post","status-publish","format-standard","has-post-thumbnail","hentry","category-sin-categoria"],"acf":{"ser_id":"B7JRDAEYTVCB5EXPE4VZIWISI4","ser_url":"https:\/\/cadenaser.com\/comunitat-valenciana\/2025\/06\/05\/el-parque-natural-de-serra-gelada-perfeccionara-su-conteo-de-visitantes-con-una-nueva-herramienta-de-geolocalizacion-radio-benidorm\/"},"_links":{"self":[{"href":"https:\/\/serbenidorm.daliisolutions.com\/index.php\/wp-json\/wp\/v2\/posts\/15710","targetHints":{"allow":["GET"]}}],"collection":[{"href":"https:\/\/serbenidorm.daliisolutions.com\/index.php\/wp-json\/wp\/v2\/posts"}],"about":[{"href":"https:\/\/serbenidorm.daliisolutions.com\/index.php\/wp-json\/wp\/v2\/types\/post"}],"replies":[{"embeddable":true,"href":"https:\/\/serbenidorm.daliisolutions.com\/index.php\/wp-json\/wp\/v2\/comments?post=15710"}],"version-history":[{"count":0,"href":"https:\/\/serbenidorm.daliisolutions.com\/index.php\/wp-json\/wp\/v2\/posts\/15710\/revisions"}],"wp:featuredmedia":[{"embeddable":true,"href":"https:\/\/serbenidorm.daliisolutions.com\/index.php\/wp-json\/wp\/v2\/media\/15711"}],"wp:attachment":[{"href":"https:\/\/serbenidorm.daliisolutions.com\/index.php\/wp-json\/wp\/v2\/media?parent=15710"}],"wp:term":[{"taxonomy":"category","embeddable":true,"href":"https:\/\/serbenidorm.daliisolutions.com\/index.php\/wp-json\/wp\/v2\/categories?post=15710"},{"taxonomy":"post_tag","embeddable":true,"href":"https:\/\/serbenidorm.daliisolutions.com\/index.php\/wp-json\/wp\/v2\/tags?post=15710"}],"curies":[{"name":"wp","href":"https:\/\/api.w.org\/{rel}","templated":true}]}}