{"id":15712,"date":"2025-06-05T15:38:20","date_gmt":"2025-06-05T13:38:20","guid":{"rendered":"https:\/\/serbenidorm.daliisolutions.com\/index.php\/2025\/06\/05\/la-patronal-tecnologica-pide-ampliar-la-plataforma-inteligente-de-destinos-de-benidorm\/"},"modified":"2025-06-05T15:38:20","modified_gmt":"2025-06-05T13:38:20","slug":"la-patronal-tecnologica-pide-ampliar-la-plataforma-inteligente-de-destinos-de-benidorm","status":"publish","type":"post","link":"https:\/\/serbenidorm.daliisolutions.com\/index.php\/2025\/06\/05\/la-patronal-tecnologica-pide-ampliar-la-plataforma-inteligente-de-destinos-de-benidorm\/","title":{"rendered":"La patronal tecnol\u00f3gica pide ampliar la Plataforma Inteligente de Destinos de Benidorm"},"content":{"rendered":"  <p><div data-adtype=\"MLDB\"><\/div><\/p>   <p>L&#8217;Alf\u00e0s del Pi <\/p>   <p>La octava edici\u00f3n del congreso Digital Tourist, organizado por la patronal tencol\u00f3gica AMETIC, ha arrancado hoy en el Centro Cultural de Benidorm analizando la Plataforma Inteligente de Destinos que tiene sede en Benidorm.<\/p>   <p>Esta plataforma, que se anunci\u00f3 hace ahora cuatro a\u00f1os, de la que el presidente de AMETIC, Francisco Hortig\u00fcela, ha destacado que \u201cya es una realidad que permitir\u00e1 a los destinos conectarse e interactuar\u201d, aunque <a href=\"https:\/\/cadenaser.com\/tag\/benidorm\/a\/\" target=\"_blank\" rel=\"nofollow\" title=\"https:\/\/cadenaser.com\/tag\/benidorm\/a\/\">ha pedido al Gobierno Central que se ampl\u00ede \u201cpara que puedan incluirse m\u00e1s destinos\u201d<\/a>.<\/p>  <p><p>M\u00e1s informaci\u00f3n<\/p><figure><img decoding=\"async\" src=\"https:\/\/cadenaser.com\/resizer\/v2\/RTN4WIOISRAIZM6SCRHCCJSLQI.jpg?auth=a036506ec01fded01a6b1e8b1737528ead56eb748e8732b02ecf29b41edfa4ba&amp;quality=70&amp;width=360&amp;height=202&amp;smart=true\" width=\"820\" height=\"621\" loading=\"lazy\" \/><\/figure><ul><li><a href=\"https:\/\/cadenaser.com\/comunitat-valenciana\/2025\/06\/05\/el-parque-natural-de-serra-gelada-perfeccionara-su-conteo-de-visitantes-con-una-nueva-herramienta-de-geolocalizacion-radio-benidorm\/\"><span>El parque natural de Serra Gelada perfeccionar\u00e1 su conteo de visitantes con una nueva herramienta de geolocalizaci\u00f3n<\/span><\/a><\/li><\/ul><\/p>   <p>Hortig\u00fcela ha destacado el Digital Tourist como un encuentro \u201c\u00fanico en Espa\u00f1a\u201d donde se re\u00fane la industria tur\u00edstica con la digital para \u201cdebatir sobre el presente y el futuro de un sector clave para todos\u201d y para analizar durante dos jornadas \u201cc\u00f3mo la digitalizaci\u00f3n puede ser clave para afrontar los retos de los destinos tur\u00edsticos espa\u00f1oles y que sigan siendo un referente a nivel mundial\u201d. <\/p>   <p>Por su parte, el secretario auton\u00f3mico de Turismo, Jos\u00e9 Manuel Camarero, ha calificado el congreso como \u201cuna gran referencia\u201d y ha avisado que el sector se encuentra en un momento clave. \u201cEstamos experimentando una transformaci\u00f3n profunda del modelo tur\u00edstico impulsado por un cambio de paradigma tecnol\u00f3gico que nos abre a nuevas oportunidades pero que tambi\u00e9n nos exige nuevas respuestas. Este cambio no es opcional, es necesario e inevitable\u201d, ha asegurado. <\/p>   <p>Adem\u00e1s, la directora de Visit Benidorm, Leire Bilbao, ha apuntado a que los datos que aportar\u00e1 el Sistema de Inteligencia Tur\u00edstica (SIT) de la Comunidad Valenciana, presentado en este congreso, \u201cnos permitir\u00e1n hallar ventanas de negocio para dar un mejor servicio a los turistas\u201d.<\/p>   <p>El Digital Tourist tambi\u00e9n ha servido de escenario para la entrega de premios de Ametic o la Junta Directiva de la Red de Destinos Tur\u00edsticos Inteligentes de la Comunitat Valenciana.<\/p> ","protected":false},"excerpt":{"rendered":"<p>La ciudad acoge el octavo congreso Digital Tourist<\/p>\n","protected":false},"author":0,"featured_media":15713,"comment_status":"open","ping_status":"open","sticky":false,"template":"","format":"standard","meta":{"_acf_changed":false,"footnotes":""},"categories":[1],"tags":[],"class_list":["post-15712","post","type-post","status-publish","format-standard","has-post-thumbnail","hentry","category-sin-categoria"],"acf":{"ser_id":"D4OB4LEAMFFI7FHKTYP5Z6MU7M","ser_url":"https:\/\/cadenaser.com\/comunitat-valenciana\/2025\/06\/05\/la-patronal-tecnologica-pide-ampliar-la-plataforma-inteligente-de-destinos-de-benidorm-radio-benidorm\/"},"_links":{"self":[{"href":"https:\/\/serbenidorm.daliisolutions.com\/index.php\/wp-json\/wp\/v2\/posts\/15712","targetHints":{"allow":["GET"]}}],"collection":[{"href":"https:\/\/serbenidorm.daliisolutions.com\/index.php\/wp-json\/wp\/v2\/posts"}],"about":[{"href":"https:\/\/serbenidorm.daliisolutions.com\/index.php\/wp-json\/wp\/v2\/types\/post"}],"replies":[{"embeddable":true,"href":"https:\/\/serbenidorm.daliisolutions.com\/index.php\/wp-json\/wp\/v2\/comments?post=15712"}],"version-history":[{"count":0,"href":"https:\/\/serbenidorm.daliisolutions.com\/index.php\/wp-json\/wp\/v2\/posts\/15712\/revisions"}],"wp:featuredmedia":[{"embeddable":true,"href":"https:\/\/serbenidorm.daliisolutions.com\/index.php\/wp-json\/wp\/v2\/media\/15713"}],"wp:attachment":[{"href":"https:\/\/serbenidorm.daliisolutions.com\/index.php\/wp-json\/wp\/v2\/media?parent=15712"}],"wp:term":[{"taxonomy":"category","embeddable":true,"href":"https:\/\/serbenidorm.daliisolutions.com\/index.php\/wp-json\/wp\/v2\/categories?post=15712"},{"taxonomy":"post_tag","embeddable":true,"href":"https:\/\/serbenidorm.daliisolutions.com\/index.php\/wp-json\/wp\/v2\/tags?post=15712"}],"curies":[{"name":"wp","href":"https:\/\/api.w.org\/{rel}","templated":true}]}}