{"id":15744,"date":"2025-06-06T14:17:22","date_gmt":"2025-06-06T12:17:22","guid":{"rendered":"https:\/\/serbenidorm.daliisolutions.com\/index.php\/2025\/06\/06\/ccoo-denuncia-el-desmantelamiento-de-los-servicios-tecnicos-del-ayuntamiento-de-benidorm-en-2010-eramos-91\/"},"modified":"2025-06-06T14:17:22","modified_gmt":"2025-06-06T12:17:22","slug":"ccoo-denuncia-el-desmantelamiento-de-los-servicios-tecnicos-del-ayuntamiento-de-benidorm-en-2010-eramos-91","status":"publish","type":"post","link":"https:\/\/serbenidorm.daliisolutions.com\/index.php\/2025\/06\/06\/ccoo-denuncia-el-desmantelamiento-de-los-servicios-tecnicos-del-ayuntamiento-de-benidorm-en-2010-eramos-91\/","title":{"rendered":"CCOO denuncia el desmantelamiento de los Servicios T\u00e9cnicos del Ayuntamiento de Benidorm: \u00abEn 2010 \u00e9ramos 91\u00bb"},"content":{"rendered":"  <p><div data-adtype=\"MLDB\"><\/div><\/p>   <p>Benidorm<\/p>   <p>\u00abQueremos que le pong\u00e1is cara a la plantilla de Servicios T\u00e9cnicos del Ayuntamiento de Benidorm\u00bb. As\u00ed y con la foto que encabeza esta noticia empieza el mensaje de Comisiones Obreras en el que denuncian la situaci\u00f3n de <a href=\"https:\/\/cadenaser.com\/tag\/benidorm\/a\/\" target=\"_blank\" rel=\"nofollow\" title=\"https:\/\/cadenaser.com\/tag\/benidorm\/a\/\">este departamento municipal que, aseguran, ha pasado de 91 a 13 trabajadores \u00aboperativos\u00bb en los \u00faltimo 15 a\u00f1os<\/a>.<\/p>   <p>El gobierno local, se\u00f1alan, es conocedor de la \u00abdelicada situaci\u00f3n\u00bb, pero \u00ablejos de intervenir ha dejado que el problema no tenga soluci\u00f3n y las Ofertas de Empleo P\u00fablico de los \u00faltimos a\u00f1os no se han encaminado a corregir este d\u00e9ficit de plantilla, muy al contrario, han contribuido a reducir la plantilla a la m\u00ednima expresi\u00f3n\u00bb.<\/p>  <p><p>M\u00e1s informaci\u00f3n<\/p><figure><img decoding=\"async\" src=\"https:\/\/cadenaser.com\/resizer\/v2\/XCYRRJVZB5BP5CBCFMXYQTIDUY.jpg?auth=22a945172a18048fd1bb028e79bbbd8a3ad11e163c16008cb7d4133d3700a4d7&amp;quality=70&amp;width=360&amp;height=202&amp;smart=true\" width=\"820\" height=\"621\" loading=\"lazy\" \/><\/figure><ul><li><a href=\"https:\/\/cadenaser.com\/comunitat-valenciana\/2025\/06\/03\/zona-de-bajas-emisiones-de-benidorm-la-plataforma-roza-el-millar-de-altas-a-un-mes-de-que-empiecen-las-multas-radio-benidorm\/\"><span>Zona de Bajas Emisiones de Benidorm: la plataforma roza el millar de altas a un mes de que empiecen las multas<\/span><\/a><\/li><\/ul><\/p>   <p>El delegado del sindicato, \u00d3scar Delgado, ha puesto de ejemplo la oferta de una plaza de herrero y otra de carpintero: \u00abComo si con ello el problema estuviese resuelto\u00bb, se lamenta. <\/p>   <p>Delgado ha hecho hincapi\u00e9 en que los Servicios T\u00e9cnicos son esenciales y pueden desaparecer por lo que califica de \u00abpol\u00edtica de privatizaci\u00f3n\u00bb en referencia a las subcontrataciones en el consistorio de la capital tur\u00edstica.<\/p>   <p>Multitarea, imposible<\/p>   <p>El personal ha a\u00f1adido adem\u00e1s que la administraci\u00f3n pretende \u00abque estos hombres pr\u00f3ximos a la jubilaci\u00f3n se empleen en modo multitarea para todo lo que se precise\u00bb; y responde con contundencia: \u00abpues sentimos informar, que esto no va a ser posible\u00bb.<\/p>   <p>Desde el ejecutivo local, encabezado por el alcalde Toni P\u00e9rez (PP), han declinado hacer comentarios a la cuesti\u00f3n planteada desde CCOO.<\/p> ","protected":false},"excerpt":{"rendered":"<p>Los trabajadores critican que es \u00abimposible\u00bb completar el trabajo diario <\/p>\n","protected":false},"author":0,"featured_media":15745,"comment_status":"open","ping_status":"open","sticky":false,"template":"","format":"standard","meta":{"_acf_changed":false,"footnotes":""},"categories":[1],"tags":[],"class_list":["post-15744","post","type-post","status-publish","format-standard","has-post-thumbnail","hentry","category-sin-categoria"],"acf":{"ser_id":"HBAKTPVZV5EHDAK4WWRNHZOT5Y","ser_url":"https:\/\/cadenaser.com\/comunitat-valenciana\/2025\/06\/06\/comisiones-obreras-denuncia-el-desmantelamiento-de-los-servicios-tecnicos-del-ayuntamiento-de-benidorm-radio-benidorm\/"},"_links":{"self":[{"href":"https:\/\/serbenidorm.daliisolutions.com\/index.php\/wp-json\/wp\/v2\/posts\/15744","targetHints":{"allow":["GET"]}}],"collection":[{"href":"https:\/\/serbenidorm.daliisolutions.com\/index.php\/wp-json\/wp\/v2\/posts"}],"about":[{"href":"https:\/\/serbenidorm.daliisolutions.com\/index.php\/wp-json\/wp\/v2\/types\/post"}],"replies":[{"embeddable":true,"href":"https:\/\/serbenidorm.daliisolutions.com\/index.php\/wp-json\/wp\/v2\/comments?post=15744"}],"version-history":[{"count":0,"href":"https:\/\/serbenidorm.daliisolutions.com\/index.php\/wp-json\/wp\/v2\/posts\/15744\/revisions"}],"wp:featuredmedia":[{"embeddable":true,"href":"https:\/\/serbenidorm.daliisolutions.com\/index.php\/wp-json\/wp\/v2\/media\/15745"}],"wp:attachment":[{"href":"https:\/\/serbenidorm.daliisolutions.com\/index.php\/wp-json\/wp\/v2\/media?parent=15744"}],"wp:term":[{"taxonomy":"category","embeddable":true,"href":"https:\/\/serbenidorm.daliisolutions.com\/index.php\/wp-json\/wp\/v2\/categories?post=15744"},{"taxonomy":"post_tag","embeddable":true,"href":"https:\/\/serbenidorm.daliisolutions.com\/index.php\/wp-json\/wp\/v2\/tags?post=15744"}],"curies":[{"name":"wp","href":"https:\/\/api.w.org\/{rel}","templated":true}]}}