{"id":1576,"date":"2024-01-20T08:52:05","date_gmt":"2024-01-20T07:52:05","guid":{"rendered":"https:\/\/serbenidorm.daliisolutions.com\/index.php\/2024\/01\/20\/benidorm-celebra-las-fiestas-de-san-antonio-abad-en-la-ermita-de-sanz\/"},"modified":"2024-01-20T08:52:05","modified_gmt":"2024-01-20T07:52:05","slug":"benidorm-celebra-las-fiestas-de-san-antonio-abad-en-la-ermita-de-sanz","status":"publish","type":"post","link":"https:\/\/serbenidorm.daliisolutions.com\/index.php\/2024\/01\/20\/benidorm-celebra-las-fiestas-de-san-antonio-abad-en-la-ermita-de-sanz\/","title":{"rendered":"Benidorm celebra las fiestas de San Antonio Abad en la Ermita de Sanz"},"content":{"rendered":"  <p>Benidorm<\/p>   <p>Benidorm celebra las fiestas en honor a<a href=\"https:\/\/cadenaser.com\/tag\/benidorm\/a\/\" target=\"_blank\" rel=\"noopener\"> Sant Antoni en L\u2019Horta y la Ermita de San\u00e7<\/a>. Un festejo que cuenta con una larga tradici\u00f3n y seguimiento en la ciudad y para el que, hasta el domingo, la Comisi\u00f3n ha elaborado un completo programa de actos.<\/p>   <p>El grueso de los actos se desarrollar\u00e1 el s\u00e1bado 20, que comenzar\u00e1 a las ocho de la ma\u00f1ana con la \u2018despert\u00e1\u2019. A las 10,30 se celebrar\u00e1 un torneo de pilota en el trinquet Vicente P\u00e9rez Devesa y una hora despu\u00e9s habr\u00e1 parque infantil. A mediod\u00eda llegar\u00e1 el volteo general de campanas y quince minutos despu\u00e9s una sardinada que dar\u00e1 paso a las 12,30 a la gran \u2018globotada\u2019 infantil.<\/p>  <p><p>M\u00e1s informaci\u00f3n<\/p><figure><img decoding=\"async\" src=\"https:\/\/cadenaser.com\/resizer\/LRHrZ6p10_McUSh-mtHAh-Uoto0=\/650x366\/filters:quality(70)\/cloudfront-eu-central-1.images.arcpublishing.com\/prisaradio\/ZZ7OZQLB35CK7FSFTPHZM4DQU4.JPG\" loading=\"lazy\" width=\"828\" height=\"621\" \/><\/figure><ul><li><a href=\"https:\/\/cadenaser.com\/comunitat-valenciana\/2024\/01\/19\/van-der-poel-y-van-aert-duelo-al-sol-de-benidorm-para-poner-fin-al-invierno-radio-benidorm\/\">Van der Poel y Van Aert, duelo al sol de Benidorm para poner fin al invierno<\/a><\/li><\/ul><\/p>   <p>Ya por la tarde, a las 16,30 se celebrar\u00e1 una partida de pilota en el trinquet y a las 17,00 las autoridades, entidades festeras y vecinos se concentrar\u00e1n para comenzar la romer\u00eda hasta la Ermita, que comenzar\u00e1 a las 17,30 horas.<\/p>   <p>Despu\u00e9s tendr\u00e1 lugar la ofrenda y el preg\u00f3n a cargo de Vicente Fuster y el acto lo cerrar\u00e1 el alcalde Toni P\u00e9rez. Tras dicha intervenci\u00f3n, las reinas y damas cantar\u00e1n las tradicionales \u2018copletes\u2019 y a su t\u00e9rmino se disparar\u00e1 la estampeta y un castillo de fuegos artificiales. A las 22 horas se har\u00e1 entrega de los premios del trofeo de pilota y la noche acabar\u00e1 con una verbena en la carpa.<\/p>   <p>El domingo 21 comenzar\u00e1 a las 10,30 con una misa en honor al santo, oficiada por el p\u00e1rroco Jos\u00e9 Luis Rodes y al terminar la misma se proceder\u00e1 a la bendici\u00f3n de los animales. El \u00faltimo acto del programa ser\u00e1 la misa r\u00e9quiem que se oficiar\u00e1 en la Ermita de San\u00e7 el domingo 28 por todos los difuntos.<\/p> ","protected":false},"excerpt":{"rendered":"<p>El s\u00e1bado tendr\u00e1 lugar la romer\u00eda, la ofrenda, el preg\u00f3n a cargo de Vicente Fuster, las \u2018copletes\u2019 y el disparo de la estampeta y el domingo, tras la misa, la bendici\u00f3n de los animales <\/p>\n","protected":false},"author":0,"featured_media":1577,"comment_status":"open","ping_status":"open","sticky":false,"template":"","format":"standard","meta":{"_acf_changed":false,"footnotes":""},"categories":[1],"tags":[],"class_list":["post-1576","post","type-post","status-publish","format-standard","has-post-thumbnail","hentry","category-sin-categoria"],"acf":{"ser_id":"RERKPDYBYZHMXKAZBQIWRBKGRM","ser_url":"https:\/\/cadenaser.com\/comunitat-valenciana\/2024\/01\/19\/benidorm-celebra-las-fiestas-de-san-antonio-abad-en-la-ermita-de-sanz-radio-benidorm\/"},"_links":{"self":[{"href":"https:\/\/serbenidorm.daliisolutions.com\/index.php\/wp-json\/wp\/v2\/posts\/1576","targetHints":{"allow":["GET"]}}],"collection":[{"href":"https:\/\/serbenidorm.daliisolutions.com\/index.php\/wp-json\/wp\/v2\/posts"}],"about":[{"href":"https:\/\/serbenidorm.daliisolutions.com\/index.php\/wp-json\/wp\/v2\/types\/post"}],"replies":[{"embeddable":true,"href":"https:\/\/serbenidorm.daliisolutions.com\/index.php\/wp-json\/wp\/v2\/comments?post=1576"}],"version-history":[{"count":0,"href":"https:\/\/serbenidorm.daliisolutions.com\/index.php\/wp-json\/wp\/v2\/posts\/1576\/revisions"}],"wp:featuredmedia":[{"embeddable":true,"href":"https:\/\/serbenidorm.daliisolutions.com\/index.php\/wp-json\/wp\/v2\/media\/1577"}],"wp:attachment":[{"href":"https:\/\/serbenidorm.daliisolutions.com\/index.php\/wp-json\/wp\/v2\/media?parent=1576"}],"wp:term":[{"taxonomy":"category","embeddable":true,"href":"https:\/\/serbenidorm.daliisolutions.com\/index.php\/wp-json\/wp\/v2\/categories?post=1576"},{"taxonomy":"post_tag","embeddable":true,"href":"https:\/\/serbenidorm.daliisolutions.com\/index.php\/wp-json\/wp\/v2\/tags?post=1576"}],"curies":[{"name":"wp","href":"https:\/\/api.w.org\/{rel}","templated":true}]}}