{"id":15796,"date":"2025-06-09T10:44:08","date_gmt":"2025-06-09T08:44:08","guid":{"rendered":"https:\/\/serbenidorm.daliisolutions.com\/index.php\/2025\/06\/09\/sergio-ramirez-seguira-repartiendo-el-juego-del-playas-de-benidorm-en-superliga\/"},"modified":"2025-06-09T10:44:08","modified_gmt":"2025-06-09T08:44:08","slug":"sergio-ramirez-seguira-repartiendo-el-juego-del-playas-de-benidorm-en-superliga","status":"publish","type":"post","link":"https:\/\/serbenidorm.daliisolutions.com\/index.php\/2025\/06\/09\/sergio-ramirez-seguira-repartiendo-el-juego-del-playas-de-benidorm-en-superliga\/","title":{"rendered":"Sergio Ram\u00edrez seguir\u00e1 repartiendo el juego del Playas de Benidorm en Superliga"},"content":{"rendered":"  <p><div data-adtype=\"MLDB\"><\/div><\/p>   <p>Benidorm<\/p>   <p>El Club Voleibol Playas de Benidorm sigue avanzando en la confecci\u00f3n de sus plantillas de cara a la pr\u00f3xima temporada y este lunes ha anunciado la renovaci\u00f3n de Sergio Ram\u00edrez, uno de los grandes art\u00edfices del ascenso del equipo masculino a la Superliga. <\/p>   <p>L\u00edder dentro y fuera de la cancha, Ram\u00edrez ha sido, en la reci\u00e9n terminada campa\u00f1a, el capit\u00e1n de un Servigroup Playas de Benidorm hist\u00f3rico en un a\u00f1o que se cerr\u00f3 en Legan\u00e9s con el ascenso a la m\u00e1xima categor\u00eda del voleibol nacional.<\/p>   <p>En esa temporada hist\u00f3rica, el colocador del cuadro benidormense apareci\u00f3 en 24 partidos jugando un total de 88 sets y totalizando 890 acciones como colocador cometiendo \u00fanicamente 15 errores en todo el curso, lo que da buena muestra de la fiabilidad de un hombre que se ha ganado la confianza de Adriano Lamb para seguir repartiendo el juego del equipo.<\/p>   <p>A sus 31 a\u00f1os, el jugador valenciano volver\u00e1 a la m\u00e1xima categor\u00eda del v\u00f3ley nacional, donde ya milit\u00f3 con el CV Manacor en la temporada 2021\/2022, CV Eivissa (2019-2021), CDV Textil Santanderina (2017-2019), Club Voleibol Melilla (2016\/17), V\u00f3ley Playa Madrid (2013\/14) y Club Voleibol 7 Islas (2012\/13).<\/p> ","protected":false},"excerpt":{"rendered":"<p>El capit\u00e1n del equipo afrontar\u00e1 su cuarta temporada defendiendo los colores benidormenses<\/p>\n","protected":false},"author":0,"featured_media":15797,"comment_status":"open","ping_status":"open","sticky":false,"template":"","format":"standard","meta":{"_acf_changed":false,"footnotes":""},"categories":[16],"tags":[],"class_list":["post-15796","post","type-post","status-publish","format-standard","has-post-thumbnail","hentry","category-deportes"],"acf":{"ser_id":"B7CKOWDX6FFFVPPFA3IW3YSX7M","ser_url":"https:\/\/cadenaser.com\/comunitat-valenciana\/2025\/06\/09\/sergio-ramirez-seguira-repartiendo-el-juego-del-playas-de-benidorm-en-superliga-radio-benidorm\/"},"_links":{"self":[{"href":"https:\/\/serbenidorm.daliisolutions.com\/index.php\/wp-json\/wp\/v2\/posts\/15796","targetHints":{"allow":["GET"]}}],"collection":[{"href":"https:\/\/serbenidorm.daliisolutions.com\/index.php\/wp-json\/wp\/v2\/posts"}],"about":[{"href":"https:\/\/serbenidorm.daliisolutions.com\/index.php\/wp-json\/wp\/v2\/types\/post"}],"replies":[{"embeddable":true,"href":"https:\/\/serbenidorm.daliisolutions.com\/index.php\/wp-json\/wp\/v2\/comments?post=15796"}],"version-history":[{"count":0,"href":"https:\/\/serbenidorm.daliisolutions.com\/index.php\/wp-json\/wp\/v2\/posts\/15796\/revisions"}],"wp:featuredmedia":[{"embeddable":true,"href":"https:\/\/serbenidorm.daliisolutions.com\/index.php\/wp-json\/wp\/v2\/media\/15797"}],"wp:attachment":[{"href":"https:\/\/serbenidorm.daliisolutions.com\/index.php\/wp-json\/wp\/v2\/media?parent=15796"}],"wp:term":[{"taxonomy":"category","embeddable":true,"href":"https:\/\/serbenidorm.daliisolutions.com\/index.php\/wp-json\/wp\/v2\/categories?post=15796"},{"taxonomy":"post_tag","embeddable":true,"href":"https:\/\/serbenidorm.daliisolutions.com\/index.php\/wp-json\/wp\/v2\/tags?post=15796"}],"curies":[{"name":"wp","href":"https:\/\/api.w.org\/{rel}","templated":true}]}}