{"id":15798,"date":"2025-06-09T11:04:37","date_gmt":"2025-06-09T09:04:37","guid":{"rendered":"https:\/\/serbenidorm.daliisolutions.com\/index.php\/2025\/06\/09\/accidente-de-dos-camiones-en-la-ap-7-en-lalfas-del-pi-dos-heridos-y-atascos-desde-benidorm\/"},"modified":"2025-06-09T11:04:37","modified_gmt":"2025-06-09T09:04:37","slug":"accidente-de-dos-camiones-en-la-ap-7-en-lalfas-del-pi-dos-heridos-y-atascos-desde-benidorm","status":"publish","type":"post","link":"https:\/\/serbenidorm.daliisolutions.com\/index.php\/2025\/06\/09\/accidente-de-dos-camiones-en-la-ap-7-en-lalfas-del-pi-dos-heridos-y-atascos-desde-benidorm\/","title":{"rendered":"Accidente de dos camiones en la AP-7 en l&#8217;Alf\u00e0s del Pi: dos heridos y atascos desde Benidorm"},"content":{"rendered":"  <p><div data-adtype=\"MLDB\"><\/div><\/p>   <p>Benidorm<\/p>   <p>Un accidente entre dos camiones en la AP-7 a la altura del t\u00e9rmino municipal de l&#8217;Alf\u00e0s del Pi a primera hora de este lunes ha provocado dos heridos, uno de los cuales ha tenido que ser excarcelado seg\u00fan ha informado el Consorcio Provincial de Bomberos de Alicante (CPBA).<\/p>   <p>Otra consecuencia del siniestro son las importantes retenciones de tr\u00e1fico entre esa localidad y la vecina Benidorm. Uno de los dos veh\u00edculos implicados ha invadido el carril contrario generando ese<a href=\"https:\/\/cadenaser.com\/tag\/benidorm\/a\/\" target=\"_blank\" rel=\"nofollow\" title=\"https:\/\/cadenaser.com\/tag\/benidorm\/a\/\"> atasco tanto en la autopista, como en la N-332 en direcci\u00f3n Valencia y en la salida de Benidorm por Levante<\/a>.<\/p>   <p>En la AP-7 sigue cortado el carril derecho en sentido Valencia a su paso por l&#8217;Alf\u00e0s y en el resto de v\u00edas mencionadas se mantiene la circulaci\u00f3n irregular seg\u00fan la Direcci\u00f3n General de Tr\u00e1fico (DGT).<\/p>  <p><figure><img decoding=\"async\" src=\"https:\/\/cadenaser.com\/resizer\/v2\/2FQI4WOROFHR7ADA7WOYCDWMNI.jpg?auth=20bc5403c12a1d324e9fd969a5c6686f6c11bd84bd83bf77c0129bddb843fae4&amp;quality=70&amp;width=650&amp;height=487&amp;smart=true\" width=\"4\" height=\"3\" loading=\"lazy\" \/><\/figure><button class=\"bt-am\">Ampliar<\/button><div class=\"lb d-none\"><div><figure><img decoding=\"async\" src=\"https:\/\/cadenaser.com\/resizer\/v2\/2FQI4WOROFHR7ADA7WOYCDWMNI.jpg?auth=20bc5403c12a1d324e9fd969a5c6686f6c11bd84bd83bf77c0129bddb843fae4\" width=\"4\" height=\"3\" loading=\"lazy\" \/><\/figure><button>Cerrar<\/button><\/div><\/div><\/p>   <p>Antes de ser trasladado en ambulancia al hospital, el conductor enjaulado ha sido rescatado por bomberos que han participado en el operativo.<\/p>   <p>Entre los efectivos destacan una unidad mando jefatura, una bomba forestal pesada y un furg\u00f3n de salvamentos varios con un sargento, un cabo y seis bomberos del parque de Benidorm.<\/p> ","protected":false},"excerpt":{"rendered":"<p>Permanece cerrado el carril derecho de la autopista en sentido Valencia<\/p>\n","protected":false},"author":0,"featured_media":15799,"comment_status":"open","ping_status":"open","sticky":false,"template":"","format":"standard","meta":{"_acf_changed":false,"footnotes":""},"categories":[1],"tags":[],"class_list":["post-15798","post","type-post","status-publish","format-standard","has-post-thumbnail","hentry","category-sin-categoria"],"acf":{"ser_id":"U23MFMJSE5CSDPFUHSZJWKLH4Q","ser_url":"https:\/\/cadenaser.com\/comunitat-valenciana\/2025\/06\/09\/accidente-de-dos-camiones-en-la-ap-7-en-lalfas-del-pi-dos-heridos-y-atascos-desde-benidorm-radio-benidorm\/"},"_links":{"self":[{"href":"https:\/\/serbenidorm.daliisolutions.com\/index.php\/wp-json\/wp\/v2\/posts\/15798","targetHints":{"allow":["GET"]}}],"collection":[{"href":"https:\/\/serbenidorm.daliisolutions.com\/index.php\/wp-json\/wp\/v2\/posts"}],"about":[{"href":"https:\/\/serbenidorm.daliisolutions.com\/index.php\/wp-json\/wp\/v2\/types\/post"}],"replies":[{"embeddable":true,"href":"https:\/\/serbenidorm.daliisolutions.com\/index.php\/wp-json\/wp\/v2\/comments?post=15798"}],"version-history":[{"count":0,"href":"https:\/\/serbenidorm.daliisolutions.com\/index.php\/wp-json\/wp\/v2\/posts\/15798\/revisions"}],"wp:featuredmedia":[{"embeddable":true,"href":"https:\/\/serbenidorm.daliisolutions.com\/index.php\/wp-json\/wp\/v2\/media\/15799"}],"wp:attachment":[{"href":"https:\/\/serbenidorm.daliisolutions.com\/index.php\/wp-json\/wp\/v2\/media?parent=15798"}],"wp:term":[{"taxonomy":"category","embeddable":true,"href":"https:\/\/serbenidorm.daliisolutions.com\/index.php\/wp-json\/wp\/v2\/categories?post=15798"},{"taxonomy":"post_tag","embeddable":true,"href":"https:\/\/serbenidorm.daliisolutions.com\/index.php\/wp-json\/wp\/v2\/tags?post=15798"}],"curies":[{"name":"wp","href":"https:\/\/api.w.org\/{rel}","templated":true}]}}