{"id":15802,"date":"2025-06-09T12:46:43","date_gmt":"2025-06-09T10:46:43","guid":{"rendered":"https:\/\/serbenidorm.daliisolutions.com\/index.php\/2025\/06\/09\/las-ovejas-vuelven-a-tomar-la-serra-de-bernia-para-prevenir-incendios\/"},"modified":"2025-06-09T12:46:43","modified_gmt":"2025-06-09T10:46:43","slug":"las-ovejas-vuelven-a-tomar-la-serra-de-bernia-para-prevenir-incendios","status":"publish","type":"post","link":"https:\/\/serbenidorm.daliisolutions.com\/index.php\/2025\/06\/09\/las-ovejas-vuelven-a-tomar-la-serra-de-bernia-para-prevenir-incendios\/","title":{"rendered":"Las ovejas vuelven a tomar la Serra de B\u00e8rnia para prevenir incendios"},"content":{"rendered":"  <p><div data-adtype=\"MLDB\"><\/div><\/p>   <p>Altea<\/p>   <p>Desde hace un mes el reba\u00f1o de ovejas Guirra del \u201cVixac\u201d ha vuelto al Pinar de Calces, en la Serra de B\u00e8rnia, y permanecer\u00e1 en el mismo 15 d\u00edas m\u00e1s trabajando en la prevenci\u00f3n de incendios con la t\u00e9cnica del pastoreo controlado.<\/p>   <p>Las ovejas \u00abbombero\u00bb, como las ha definido el concejal de Medio Ambiente de Altea Jos\u00e9 Orozco, en zonas de valor ambiental y riesgo de incendio \u00abse han consolidado como una pr\u00e1ctica eficaz que permite mantener bajo control la vegetaci\u00f3n combustible, especialmente en \u00e9poca estival\u00bb.<\/p>   <p>Estas actuaciones se enmarcan en una estrategia m\u00e1s amplia, que, como recuerda el edil, el pasado a\u00f1o incluy\u00f3 la restauraci\u00f3n y mejora de los abrevaderos situados en las fuentes del Rostoll, Fort y B\u00e8rnia, gracias a una subvenci\u00f3n de 11.222,15 euros de la Diputaci\u00f3n Provincial de Alicante. <\/p>   <p>\u00abLa recuperaci\u00f3n de los abrevaderos situados en las diferentes fuentes naturales de la Serra de B\u00e8rnia supone la existencia de puntos de agua esenciales para la subsistencia de la ganader\u00eda extensiva y\u00a0 favorecen el conjunto de la biodiversidad de la zona, ya que permiten el acceso al agua de la fauna silvestre como aves, mam\u00edferos y una elevada diversidad de invertebrados\u00bb, ha apuntado Orozco.<\/p>   <p>Tradici\u00f3n y sostenibilidad se vuelven a dar la mano en la villa blanca desde un a\u00f1o, cuando volvieron las ovejas a la Serra de B\u00e9rnia.<\/p> ","protected":false},"excerpt":{"rendered":"<p>El pastoreo controlado como cortafuegos natural<\/p>\n","protected":false},"author":0,"featured_media":15803,"comment_status":"open","ping_status":"open","sticky":false,"template":"","format":"standard","meta":{"_acf_changed":false,"footnotes":""},"categories":[1],"tags":[],"class_list":["post-15802","post","type-post","status-publish","format-standard","has-post-thumbnail","hentry","category-sin-categoria"],"acf":{"ser_id":"BHLKME4TLNBOTCMAGUPG6LB42Q","ser_url":"https:\/\/cadenaser.com\/comunitat-valenciana\/2025\/06\/09\/las-ovejas-vuelven-a-tomar-la-serra-de-bernia-para-prevenir-incendios-radio-benidorm\/"},"_links":{"self":[{"href":"https:\/\/serbenidorm.daliisolutions.com\/index.php\/wp-json\/wp\/v2\/posts\/15802","targetHints":{"allow":["GET"]}}],"collection":[{"href":"https:\/\/serbenidorm.daliisolutions.com\/index.php\/wp-json\/wp\/v2\/posts"}],"about":[{"href":"https:\/\/serbenidorm.daliisolutions.com\/index.php\/wp-json\/wp\/v2\/types\/post"}],"replies":[{"embeddable":true,"href":"https:\/\/serbenidorm.daliisolutions.com\/index.php\/wp-json\/wp\/v2\/comments?post=15802"}],"version-history":[{"count":0,"href":"https:\/\/serbenidorm.daliisolutions.com\/index.php\/wp-json\/wp\/v2\/posts\/15802\/revisions"}],"wp:featuredmedia":[{"embeddable":true,"href":"https:\/\/serbenidorm.daliisolutions.com\/index.php\/wp-json\/wp\/v2\/media\/15803"}],"wp:attachment":[{"href":"https:\/\/serbenidorm.daliisolutions.com\/index.php\/wp-json\/wp\/v2\/media?parent=15802"}],"wp:term":[{"taxonomy":"category","embeddable":true,"href":"https:\/\/serbenidorm.daliisolutions.com\/index.php\/wp-json\/wp\/v2\/categories?post=15802"},{"taxonomy":"post_tag","embeddable":true,"href":"https:\/\/serbenidorm.daliisolutions.com\/index.php\/wp-json\/wp\/v2\/tags?post=15802"}],"curies":[{"name":"wp","href":"https:\/\/api.w.org\/{rel}","templated":true}]}}