{"id":15805,"date":"2025-06-09T13:41:01","date_gmt":"2025-06-09T11:41:01","guid":{"rendered":"https:\/\/serbenidorm.daliisolutions.com\/index.php\/2025\/06\/09\/juicio-a-un-vecino-de-benidorm-por-almacenar-y-enviar-contenido-pedofilo-durante-un-ano\/"},"modified":"2025-06-09T13:41:01","modified_gmt":"2025-06-09T11:41:01","slug":"juicio-a-un-vecino-de-benidorm-por-almacenar-y-enviar-contenido-pedofilo-durante-un-ano","status":"publish","type":"post","link":"https:\/\/serbenidorm.daliisolutions.com\/index.php\/2025\/06\/09\/juicio-a-un-vecino-de-benidorm-por-almacenar-y-enviar-contenido-pedofilo-durante-un-ano\/","title":{"rendered":"Juicio a un vecino de Benidorm por almacenar y enviar contenido ped\u00f3filo durante un a\u00f1o"},"content":{"rendered":"  <p><div data-adtype=\"MLDB\"><\/div><\/p>   <p>Benidorm<\/p>   <p>Este martes est\u00e1 previsto el inicio en la Audiencia Provincial de Alicante del juicio a un vecino de Benidorm acusado de almacenar, recibir y enviar gran cantidad de material audiovisual de contenido ped\u00f3filo en el que aparec\u00edan \u00abmenores de muy corta edad\u00bb, seg\u00fan ha detallado el Tribunal Superior de Justicia de la Comunitat Valenciana (TSJCV).<\/p>   <p>En el registro domiciliario practicado en la casa del procesado, en el mes de noviembre de 2021, los agentes intervinieron abundante material de pornograf\u00eda infantil que el hombre habr\u00eda compartido con otros usuarios.<\/p>   <p>Estas pr\u00e1cticas, <a href=\"https:\/\/cadenaser.com\/tag\/benidorm\/a\/\" target=\"_blank\" rel=\"nofollow\" title=\"https:\/\/cadenaser.com\/tag\/benidorm\/a\/\">realizadas por internet desde su domicilio en la ciudad<\/a>, se ven\u00edan desarrollando desde el mes de septiembre de 2020.<\/p>   <p>La Fiscal\u00eda pide para \u00e9l siete a\u00f1os de prisi\u00f3n por un delito de posesi\u00f3n y distribuci\u00f3n de pornograf\u00eda infantil.<\/p> ","protected":false},"excerpt":{"rendered":"<p>Los menores ten\u00edan muy corta edad<\/p>\n","protected":false},"author":0,"featured_media":15806,"comment_status":"open","ping_status":"open","sticky":false,"template":"","format":"standard","meta":{"_acf_changed":false,"footnotes":""},"categories":[1],"tags":[],"class_list":["post-15805","post","type-post","status-publish","format-standard","has-post-thumbnail","hentry","category-sin-categoria"],"acf":{"ser_id":"JYZW6NCFNBB7VPHTHDAKRS6RJE","ser_url":"https:\/\/cadenaser.com\/comunitat-valenciana\/2025\/06\/09\/juicio-a-un-vecino-de-benidorm-por-almacenar-y-enviar-contenido-pedofilo-durante-un-ano-radio-benidorm\/"},"_links":{"self":[{"href":"https:\/\/serbenidorm.daliisolutions.com\/index.php\/wp-json\/wp\/v2\/posts\/15805","targetHints":{"allow":["GET"]}}],"collection":[{"href":"https:\/\/serbenidorm.daliisolutions.com\/index.php\/wp-json\/wp\/v2\/posts"}],"about":[{"href":"https:\/\/serbenidorm.daliisolutions.com\/index.php\/wp-json\/wp\/v2\/types\/post"}],"replies":[{"embeddable":true,"href":"https:\/\/serbenidorm.daliisolutions.com\/index.php\/wp-json\/wp\/v2\/comments?post=15805"}],"version-history":[{"count":0,"href":"https:\/\/serbenidorm.daliisolutions.com\/index.php\/wp-json\/wp\/v2\/posts\/15805\/revisions"}],"wp:featuredmedia":[{"embeddable":true,"href":"https:\/\/serbenidorm.daliisolutions.com\/index.php\/wp-json\/wp\/v2\/media\/15806"}],"wp:attachment":[{"href":"https:\/\/serbenidorm.daliisolutions.com\/index.php\/wp-json\/wp\/v2\/media?parent=15805"}],"wp:term":[{"taxonomy":"category","embeddable":true,"href":"https:\/\/serbenidorm.daliisolutions.com\/index.php\/wp-json\/wp\/v2\/categories?post=15805"},{"taxonomy":"post_tag","embeddable":true,"href":"https:\/\/serbenidorm.daliisolutions.com\/index.php\/wp-json\/wp\/v2\/tags?post=15805"}],"curies":[{"name":"wp","href":"https:\/\/api.w.org\/{rel}","templated":true}]}}