{"id":15808,"date":"2025-06-09T14:49:38","date_gmt":"2025-06-09T12:49:38","guid":{"rendered":"https:\/\/serbenidorm.daliisolutions.com\/index.php\/2025\/06\/09\/mazon-pedira-al-gobierno-de-espana-las-competencias-para-gestionar-el-litoral-valenciano\/"},"modified":"2025-06-09T14:49:38","modified_gmt":"2025-06-09T12:49:38","slug":"mazon-pedira-al-gobierno-de-espana-las-competencias-para-gestionar-el-litoral-valenciano","status":"publish","type":"post","link":"https:\/\/serbenidorm.daliisolutions.com\/index.php\/2025\/06\/09\/mazon-pedira-al-gobierno-de-espana-las-competencias-para-gestionar-el-litoral-valenciano\/","title":{"rendered":"Maz\u00f3n pedir\u00e1 al Gobierno de Espa\u00f1a las competencias para gestionar el litoral valenciano"},"content":{"rendered":"  <p><div data-adtype=\"MLDB\"><\/div><\/p>   <p>La Vila Joiosa<\/p>   <p>El pleno del Consell solicitar\u00e1 formalmente el martes de la semana que viene la transferencia por parte del Gobierno de Espa\u00f1a de las competencias para la gesti\u00f3n del litoral valenciano. Es el anuncio que ha hecho el president de la Generalitat, Carlos Maz\u00f3n, durante la presentaci\u00f3n de la nueva ley auton\u00f3mica para este \u00e1mbito celebrada en Villajoyosa.<\/p>   <p>Maz\u00f3n ha justificado su intenci\u00f3n de gestionar \u00abexclusivamente\u00bb las costas \u00ab<a href=\"https:\/\/cadenaser.com\/tag\/benidorm\/a\/\" target=\"_blank\" rel=\"nofollow\" title=\"https:\/\/cadenaser.com\/tag\/benidorm\/a\/\">porque nos lo hemos ganado y trabajado<\/a> y porque es lo que se merece el mayor nivel de protecci\u00f3n y ordenaci\u00f3n los afectados\u00bb. <\/p>  <p><p>M\u00e1s informaci\u00f3n<\/p><figure><img decoding=\"async\" src=\"https:\/\/cadenaser.com\/resizer\/v2\/RTN4WIOISRAIZM6SCRHCCJSLQI.jpg?auth=a036506ec01fded01a6b1e8b1737528ead56eb748e8732b02ecf29b41edfa4ba&amp;quality=70&amp;width=360&amp;height=202&amp;smart=true\" width=\"820\" height=\"621\" loading=\"lazy\" \/><\/figure><ul><li><a href=\"https:\/\/cadenaser.com\/comunitat-valenciana\/2025\/06\/05\/el-parque-natural-de-serra-gelada-perfeccionara-su-conteo-de-visitantes-con-una-nueva-herramienta-de-geolocalizacion-radio-benidorm\/\"><span>El parque natural de Serra Gelada perfeccionar\u00e1 su conteo de visitantes con una nueva herramienta de geolocalizaci\u00f3n<\/span><\/a><\/li><\/ul><\/p>   <p>El jefe del ejecutivo valenciano ha defendido adem\u00e1s que el art\u00edculo 49 del Estatuto de Autonom\u00eda reconoce esa competencia en ordenaci\u00f3n del territorio: \u00abIniciamos un camino que esperamos que sea son la posibilidad de sentarnos en una mesa y hablar de sentido com\u00fan\u00bb.<\/p>   <p>Es el paso final, asegura Maz\u00f3n, para disponer de un marco normativo coherente. La nueva Ley de Costas Valenciana implica, ha defendido en la misma jornada el director general de este \u00e1mbito Marc Garc\u00eda, la protecci\u00f3n del medio ambiente y el desarrollo econ\u00f3mico: \u00abM\u00e1s del 70% de la poblaci\u00f3n y el 15% del PIB est\u00e1 en los primeros kil\u00f3metros de la costa\u00bb, ha cifrado.<\/p>   <p>El alcalde de Villajoyosa, Marcos Zaragoza, ha hablado por su parte desde el Club N\u00e1utico de una ley \u00abnecesaria\u00bb que agilizar\u00e1 la gesti\u00f3n del litoral. El Grupo Municipal Socialista ha acusado por su parte al primer edil de \u00abblanquear\u00bb a Maz\u00f3n con su participaci\u00f3n en esta sesi\u00f3n.<\/p> ","protected":false},"excerpt":{"rendered":"<p>La Generalitat quiere la \u00abgesti\u00f3n exclusiva\u00bb de las costas<\/p>\n","protected":false},"author":0,"featured_media":15809,"comment_status":"open","ping_status":"open","sticky":false,"template":"","format":"standard","meta":{"_acf_changed":false,"footnotes":""},"categories":[1],"tags":[],"class_list":["post-15808","post","type-post","status-publish","format-standard","has-post-thumbnail","hentry","category-sin-categoria"],"acf":{"ser_id":"U6BZTDDDQFCVFPXEH7L5NYCIWY","ser_url":"https:\/\/cadenaser.com\/comunitat-valenciana\/2025\/06\/09\/mazon-pedira-al-gobierno-de-espana-las-competencias-para-gestionar-el-litoral-valenciano-radio-benidorm\/"},"_links":{"self":[{"href":"https:\/\/serbenidorm.daliisolutions.com\/index.php\/wp-json\/wp\/v2\/posts\/15808","targetHints":{"allow":["GET"]}}],"collection":[{"href":"https:\/\/serbenidorm.daliisolutions.com\/index.php\/wp-json\/wp\/v2\/posts"}],"about":[{"href":"https:\/\/serbenidorm.daliisolutions.com\/index.php\/wp-json\/wp\/v2\/types\/post"}],"replies":[{"embeddable":true,"href":"https:\/\/serbenidorm.daliisolutions.com\/index.php\/wp-json\/wp\/v2\/comments?post=15808"}],"version-history":[{"count":0,"href":"https:\/\/serbenidorm.daliisolutions.com\/index.php\/wp-json\/wp\/v2\/posts\/15808\/revisions"}],"wp:featuredmedia":[{"embeddable":true,"href":"https:\/\/serbenidorm.daliisolutions.com\/index.php\/wp-json\/wp\/v2\/media\/15809"}],"wp:attachment":[{"href":"https:\/\/serbenidorm.daliisolutions.com\/index.php\/wp-json\/wp\/v2\/media?parent=15808"}],"wp:term":[{"taxonomy":"category","embeddable":true,"href":"https:\/\/serbenidorm.daliisolutions.com\/index.php\/wp-json\/wp\/v2\/categories?post=15808"},{"taxonomy":"post_tag","embeddable":true,"href":"https:\/\/serbenidorm.daliisolutions.com\/index.php\/wp-json\/wp\/v2\/tags?post=15808"}],"curies":[{"name":"wp","href":"https:\/\/api.w.org\/{rel}","templated":true}]}}