{"id":15830,"date":"2025-06-10T10:34:45","date_gmt":"2025-06-10T08:34:45","guid":{"rendered":"https:\/\/serbenidorm.daliisolutions.com\/index.php\/2025\/06\/10\/condenadas-dos-administrativas-de-un-centro-de-salud-de-benidorm-por-no-ayudar-en-una-parada-cardiaca\/"},"modified":"2025-06-10T10:34:45","modified_gmt":"2025-06-10T08:34:45","slug":"condenadas-dos-administrativas-de-un-centro-de-salud-de-benidorm-por-no-ayudar-en-una-parada-cardiaca","status":"publish","type":"post","link":"https:\/\/serbenidorm.daliisolutions.com\/index.php\/2025\/06\/10\/condenadas-dos-administrativas-de-un-centro-de-salud-de-benidorm-por-no-ayudar-en-una-parada-cardiaca\/","title":{"rendered":"Condenadas dos administrativas de un centro de salud de Benidorm por no ayudar en una parada card\u00edaca"},"content":{"rendered":"  <p><div data-adtype=\"MLDB\"><\/div><\/p>   <p>Benidorm<\/p>   <p>La Audiencia de Alicante ha condenado a dos auxiliares administrativas que trabajaban en un centro de salud de Benidorm por un delito de omisi\u00f3n del deber de socorro ya que fueron <a href=\"https:\/\/cadenaser.com\/tag\/benidorm\/a\/\" target=\"_blank\" rel=\"nofollow\" title=\"https:\/\/cadenaser.com\/tag\/benidorm\/a\/\">requeridas por la cu\u00f1ada de una mujer que hab\u00eda sufrido una parada cardiorrespiratoria en las proximidades<\/a> y no dieron aviso a ning\u00fan facultativo sino que se limitaron a manifestar que hab\u00eda que llamar al 112.<\/p>   <p>Los hechos tuvieron lugar en torno a las 11 horas del 19 de diciembre de 2018 cuando la mujer acudi\u00f3 al mostrador del centro de salud para pedir ayuda porque su cu\u00f1ada estaba tirada en el suelo, desvanecida.<\/p>  <p><p>M\u00e1s informaci\u00f3n<\/p><figure><img decoding=\"async\" src=\"https:\/\/cadenaser.com\/resizer\/v2\/QATZACABABK5BOGISR75PVCNB4.jpg?auth=3a111a33e7fbb0aeaa00bc5389cab615632962131d4c6fb5c8dee863d92a2be6&amp;quality=70&amp;width=360&amp;height=202&amp;smart=true\" width=\"820\" height=\"621\" loading=\"lazy\" \/><\/figure><ul><li><a href=\"https:\/\/cadenaser.com\/comunitat-valenciana\/2025\/06\/09\/juicio-a-un-vecino-de-benidorm-por-almacenar-y-enviar-contenido-pedofilo-durante-un-ano-radio-benidorm\/\"><span>Juicio a un vecino de Benidorm por almacenar y enviar contenido ped\u00f3filo durante un a\u00f1o<\/span><\/a><\/li><\/ul><\/p>   <p>La sentencia establece que, a pesar de \u201cla urgencia y gravedad de la situaci\u00f3n\u201d que se les hab\u00eda referido, \u201clas acusadas se limitaron a manifestar\u201d que la mujer que solicitaba auxilio \u201cten\u00eda que llamar al 112, volviendo a su puesto de trabajo sin dar ning\u00fan tipo de aviso a los m\u00e9dicos\u201d que se encontraban en el centro de salud, \u201cni activar ning\u00fan tipo de protocolo\u201d que proporcionase ayuda a la mujer que necesitaba asistencia sanitaria.<\/p>   <p>Finalmente, seg\u00fan la resoluci\u00f3n judicial, dicha mujer acab\u00f3 falleciendo cinco d\u00edas m\u00e1s tarde, el 24 de diciembre, en el hospital comarcal de Villajoyosa, al que hab\u00eda sido trasladada \u201ccomo consecuencia de una crisis asm\u00e1tica\u201d que se inici\u00f3 el d\u00eda de su desvanecimiento, que le provoc\u00f3 una parada cardiorrespiratoria.<\/p>   <p>Las dos procesadas, de 44 y 50 a\u00f1os, asumieron la autor\u00eda de los hechos tras alcanzar un acuerdo de conformidad con la Fiscal\u00eda. En virtud de ese acuerdo, se modific\u00f3 su escrito de acusaci\u00f3n inicial, en el que solicitaba que fuesen condenadas por un delito de homicidio por imprudencia, para pasar a ser acusadas del delito de omisi\u00f3n del deber de socorro.<\/p>   <p>La secci\u00f3n del Tribunal del Jurado de la Audiencia dicta sentencia condenatoria por el que impone la pena de diez meses de multa con cuota diaria de diez euros para cada una de las procesadas. Todo, sin que fuese necesario constituir el jurado popular que deb\u00eda enjuiciar los hechos seg\u00fan una sentencia que es firme, sin que quepa la posibilidad de interponer recurso. <\/p> ","protected":false},"excerpt":{"rendered":"<p>Sendas multas por un delito de omisi\u00f3n de socorro<\/p>\n","protected":false},"author":0,"featured_media":15831,"comment_status":"open","ping_status":"open","sticky":false,"template":"","format":"standard","meta":{"_acf_changed":false,"footnotes":""},"categories":[1],"tags":[],"class_list":["post-15830","post","type-post","status-publish","format-standard","has-post-thumbnail","hentry","category-sin-categoria"],"acf":{"ser_id":"UTMVECXN7ZCMXH5ECCLJW5K2G4","ser_url":"https:\/\/cadenaser.com\/comunitat-valenciana\/2025\/06\/10\/condenadas-dos-administrativas-de-un-centro-de-salud-de-benidorm-por-no-ayudar-en-una-parada-cardiaca-radio-benidorm\/"},"_links":{"self":[{"href":"https:\/\/serbenidorm.daliisolutions.com\/index.php\/wp-json\/wp\/v2\/posts\/15830","targetHints":{"allow":["GET"]}}],"collection":[{"href":"https:\/\/serbenidorm.daliisolutions.com\/index.php\/wp-json\/wp\/v2\/posts"}],"about":[{"href":"https:\/\/serbenidorm.daliisolutions.com\/index.php\/wp-json\/wp\/v2\/types\/post"}],"replies":[{"embeddable":true,"href":"https:\/\/serbenidorm.daliisolutions.com\/index.php\/wp-json\/wp\/v2\/comments?post=15830"}],"version-history":[{"count":0,"href":"https:\/\/serbenidorm.daliisolutions.com\/index.php\/wp-json\/wp\/v2\/posts\/15830\/revisions"}],"wp:featuredmedia":[{"embeddable":true,"href":"https:\/\/serbenidorm.daliisolutions.com\/index.php\/wp-json\/wp\/v2\/media\/15831"}],"wp:attachment":[{"href":"https:\/\/serbenidorm.daliisolutions.com\/index.php\/wp-json\/wp\/v2\/media?parent=15830"}],"wp:term":[{"taxonomy":"category","embeddable":true,"href":"https:\/\/serbenidorm.daliisolutions.com\/index.php\/wp-json\/wp\/v2\/categories?post=15830"},{"taxonomy":"post_tag","embeddable":true,"href":"https:\/\/serbenidorm.daliisolutions.com\/index.php\/wp-json\/wp\/v2\/tags?post=15830"}],"curies":[{"name":"wp","href":"https:\/\/api.w.org\/{rel}","templated":true}]}}