{"id":15836,"date":"2025-06-10T13:49:07","date_gmt":"2025-06-10T11:49:07","guid":{"rendered":"https:\/\/serbenidorm.daliisolutions.com\/index.php\/2025\/06\/10\/elecciones-en-el-psoe-de-benidorm-cristina-escoda-se-presenta-a-la-reeleccion-como-secretaria-general\/"},"modified":"2025-06-10T13:49:07","modified_gmt":"2025-06-10T11:49:07","slug":"elecciones-en-el-psoe-de-benidorm-cristina-escoda-se-presenta-a-la-reeleccion-como-secretaria-general","status":"publish","type":"post","link":"https:\/\/serbenidorm.daliisolutions.com\/index.php\/2025\/06\/10\/elecciones-en-el-psoe-de-benidorm-cristina-escoda-se-presenta-a-la-reeleccion-como-secretaria-general\/","title":{"rendered":"Elecciones en el PSOE de Benidorm: Cristina Escoda se presenta a la reelecci\u00f3n como secretaria general"},"content":{"rendered":"  <p><div data-adtype=\"MLDB\"><\/div><\/p>   <p>Benidorm<\/p>   <p>El PSOE de Benidorm celebrar\u00e1 este pr\u00f3ximo s\u00e1bado la asamblea para elegir a la nueva Comisi\u00f3n Ejecutiva Municipal y la actual secretaria general, Cristina Escoda, ha confirmado a <a href=\"https:\/\/cadenaser.com\/tag\/benidorm\/a\/\" target=\"_blank\" rel=\"nofollow\" title=\"https:\/\/cadenaser.com\/tag\/benidorm\/a\/\">Radio Benidorm<\/a> este martes que presentar\u00e1 su candidatura para seguir en el cargo.<\/p>   <p>Esta semana, asegura Escoda, sigue configurando el equipo con el que va a concurrir \u00abcon la misma ilusi\u00f3n por devolver a la ciudad unas pol\u00edticas progresistas\u00bb. Ahora en la oposici\u00f3n, habla de \u00abdejar las pol\u00edticas prepotentes de un equipo de gobierno que con su mayor\u00eda absoluta cree que todo lo puede y cada vez tiene m\u00e1s abandonados a los ciudadanos\u00bb.<\/p>  <p><p>M\u00e1s informaci\u00f3n<\/p><figure><img decoding=\"async\" src=\"https:\/\/cadenaser.com\/resizer\/v2\/N25TBGNRCZGM5KRRANDDRME3DQ.jpeg?auth=6b71ab374d752077cc431bed66484201f47576d0447980859038869bfe9813a9&amp;quality=70&amp;width=360&amp;height=202&amp;smart=true\" width=\"820\" height=\"621\" loading=\"lazy\" \/><\/figure><ul><li><a href=\"https:\/\/cadenaser.com\/comunitat-valenciana\/2025\/06\/10\/estafa-en-benidorm-con-la-llegada-del-verano-seis-meses-de-autobus-urbano-por-dos-euros-radio-benidorm\/\"><span>Estafa en Benidorm con la llegada del verano: seis meses de autob\u00fas urbano por dos euros<\/span><\/a><\/li><\/ul><\/p>   <p>Su actual secretario de Organizaci\u00f3n, Miguel Soldevila, ha detallado respecto a este proceso interno del PSOE que la lista tiene que ser \u00abcerrada y paritaria\u00bb; tanto Escoda como cualquier otro militante puede presentarla hasta 24 horas antes de la asamblea local socialista, aunque de momento solo ella ha anunciado este paso.<\/p>   <p>La actual secretaria general, que form\u00f3 parte del gobierno local encabezado por Agust\u00edn Navarro y actualmente tambi\u00e9n es la portavoz de los socialistas en el pleno municipal, se puso al frente de la agrupaci\u00f3n hace tres a\u00f1os tras vencer a Dani Luque y Bernardo Mira en las primarias con algo m\u00e1s del 42% de los votos.<\/p>   <p>Despu\u00e9s fue candidata a la alcald\u00eda en las elecciones locales del 2023 y consigui\u00f3 ocho concejales, dos menos que en los anteriores comicios, perdiendo un cinco por ciento de los votos respecto a 2019. El PP, por su parte, aumentaba su mayor\u00eda absoluta hasta los 16 ediles.<\/p> ","protected":false},"excerpt":{"rendered":"<p>Por el momento no se ha anunciado ninguna candidatura alternativa<\/p>\n","protected":false},"author":0,"featured_media":15837,"comment_status":"open","ping_status":"open","sticky":false,"template":"","format":"standard","meta":{"_acf_changed":false,"footnotes":""},"categories":[1],"tags":[],"class_list":["post-15836","post","type-post","status-publish","format-standard","has-post-thumbnail","hentry","category-sin-categoria"],"acf":{"ser_id":"AYGZ2UWZTZACTN2FDRHUMMIC2I","ser_url":"https:\/\/cadenaser.com\/comunitat-valenciana\/2025\/06\/10\/elecciones-en-el-psoe-de-benidorm-cristina-escoda-se-presenta-a-la-reeleccion-como-secretaria-general-radio-benidorm\/"},"_links":{"self":[{"href":"https:\/\/serbenidorm.daliisolutions.com\/index.php\/wp-json\/wp\/v2\/posts\/15836","targetHints":{"allow":["GET"]}}],"collection":[{"href":"https:\/\/serbenidorm.daliisolutions.com\/index.php\/wp-json\/wp\/v2\/posts"}],"about":[{"href":"https:\/\/serbenidorm.daliisolutions.com\/index.php\/wp-json\/wp\/v2\/types\/post"}],"replies":[{"embeddable":true,"href":"https:\/\/serbenidorm.daliisolutions.com\/index.php\/wp-json\/wp\/v2\/comments?post=15836"}],"version-history":[{"count":0,"href":"https:\/\/serbenidorm.daliisolutions.com\/index.php\/wp-json\/wp\/v2\/posts\/15836\/revisions"}],"wp:featuredmedia":[{"embeddable":true,"href":"https:\/\/serbenidorm.daliisolutions.com\/index.php\/wp-json\/wp\/v2\/media\/15837"}],"wp:attachment":[{"href":"https:\/\/serbenidorm.daliisolutions.com\/index.php\/wp-json\/wp\/v2\/media?parent=15836"}],"wp:term":[{"taxonomy":"category","embeddable":true,"href":"https:\/\/serbenidorm.daliisolutions.com\/index.php\/wp-json\/wp\/v2\/categories?post=15836"},{"taxonomy":"post_tag","embeddable":true,"href":"https:\/\/serbenidorm.daliisolutions.com\/index.php\/wp-json\/wp\/v2\/tags?post=15836"}],"curies":[{"name":"wp","href":"https:\/\/api.w.org\/{rel}","templated":true}]}}