{"id":15842,"date":"2025-06-10T15:11:51","date_gmt":"2025-06-10T13:11:51","guid":{"rendered":"https:\/\/serbenidorm.daliisolutions.com\/index.php\/2025\/06\/10\/finestrat-comienza-la-construccion-del-ascensor-que-conecta-la-ermita-del-castell-con-la-casa-de-cultura\/"},"modified":"2025-06-10T15:11:51","modified_gmt":"2025-06-10T13:11:51","slug":"finestrat-comienza-la-construccion-del-ascensor-que-conecta-la-ermita-del-castell-con-la-casa-de-cultura","status":"publish","type":"post","link":"https:\/\/serbenidorm.daliisolutions.com\/index.php\/2025\/06\/10\/finestrat-comienza-la-construccion-del-ascensor-que-conecta-la-ermita-del-castell-con-la-casa-de-cultura\/","title":{"rendered":"Finestrat comienza la construcci\u00f3n del ascensor que conecta la Ermita del Castell con la Casa de Cultura"},"content":{"rendered":"  <p><div data-adtype=\"MLDB\"><\/div><\/p>   <p>Finestrat<\/p>   <p>Las obras de construcci\u00f3n del ascensor que unir\u00e1 el parking de la Casa de Cultura con la Ermita del Castell ya han comenzado. El Ayuntamiento de Finestrat ha firmado ya el acta de replanteo de uno de los proyectos estrella de la legislatura que, adem\u00e1s, recibe financiaci\u00f3n europea. <\/p>   <p>El ascensor salvar\u00e1 el desnivel existente entre la parte baja del casco urbano con zona la zona m\u00e1s elevada de la Penya permitiendo mejorar tambi\u00e9n el acceso a las calles m\u00e1s estrechas y altas del municipio como Sant Josep o Sant Miguel. <\/p>   <p>Un proyecto que contempla la construcci\u00f3n de una torre de 50 metros de altura con una pasarela de 20 metros y supone una inversi\u00f3n de 700.000 euros con una aportaci\u00f3n de 300.000 euros de fondos Next Generation. <\/p>   <p>En <a href=\"https:\/\/radiobenidorm.es\" target=\"_blank\" rel=\"nofollow\" title=\"https:\/\/radiobenidorm.es\">Hoy por Hoy Benidorm<\/a>, el alcalde de Finestrat, Juanfran P\u00e9rez Llorca, ha explicado que \u201cle dimos muchas vueltas al proyecto del ascensor\u201d por el impacto visual que pod\u00eda suponer en un entorno emblem\u00e1tico del municipio como la Penya. Sin embargo, prosigue P\u00e9rez, \u201cel a\u00f1o pasado muchas comuniones y bautizos se hac\u00edan en la Ermita y nos encontramos con que muchos familiares directos se quedaban en los bares esperando porque no pod\u00edan subir. Ese d\u00eda llegu\u00e9 a la conclusi\u00f3n de que hay lo que altera la imagen de la Penya se puede disimular pero que un abuelo no vea el bautizo de su nieto no lo puedes recuperar en la vida\u201d. <\/p>   <p>Asimismo, el alcalde cree que la construcci\u00f3n del ascensor supondr\u00e1 un importante revulsivo para revitalizar la parte alta del casco antiguo. \u201cLas calles m\u00e1s altas son las m\u00e1s estrechas y las de m\u00e1s dif\u00edcil accesibilidad y muchas casas se est\u00e1n quedando despobladas, con el grave problema de falta de vivienda que vivimos hoy en d\u00eda\u201d, indica el primer edil quien conf\u00eda en que \u201cen el plazo de unos cuatro o cinco a\u00f1os\u201d la construcci\u00f3n del elevador acabe con las viviendas vac\u00edas de la zona. <\/p>   <p>Juanfran P\u00e9rez se\u00f1alado tambi\u00e9n que los trabajos, que comienzan esta semana, no se interrumpir\u00e1n durante la temporada estival como tampoco lo har\u00e1n las obras, reci\u00e9n iniciadas, de mejora del entorno de la Penya con la creaci\u00f3n de un anillo peatonal y carril bici. En el caso del anillo peatonal el proyecto est\u00e1 valorado en 2,5 millones de euros de los que 1,2 proceden de fondos europeos. <\/p>   <p>La segunda escuela infantil, despu\u00e9s del verano<\/p>   <p>Para despu\u00e9s del verano quedar\u00e1n proyectos como la licitaci\u00f3n de la segunda escuela infantil municipal, con capacidad para 125 plazas, que se construir\u00e1 en la urbanizaci\u00f3n Balc\u00f3n de Finestrat cerca del segundo colegio del municipio. <\/p>   <p>El Ayuntamiento de Finestrat ya est\u00e1 preparando el pliego de condiciones para poder licitar la obra este verano y el alcalde conf\u00eda en poder adjudicarla en septiembre y que las obras empiecen antes de que acabe el a\u00f1o. El plazo de ejecuci\u00f3n previsto es de un a\u00f1o. <\/p>   <p>Asimismo, P\u00e9rez adelanta que est\u00e1 a la espera de que la Conselleria de Educaci\u00f3n comunique al Ayuntamiento las caracter\u00edsticas que deber\u00eda tener el tercer centro de Infantil y Primaria del municipio para poder comenzar a preparar el pliego de condiciones y licitar el proyecto. Una comunicaci\u00f3n que espera se produzca a lo largo de este mismo mes.<\/p>   <p>El tercer colegio se construir\u00e1 a la entrada de la Urbanizaci\u00f3n Terra Marina y para que el proyecto comience a andar la Generalitat Valenciana ya ha incluido un mill\u00f3n de euros en los presupuestos de este a\u00f1o.<\/p> ","protected":false},"excerpt":{"rendered":"<p>El Ayuntamiento conf\u00eda poder licitar la segunda escuela infantil municipal despu\u00e9s del verano<\/p>\n","protected":false},"author":0,"featured_media":15843,"comment_status":"open","ping_status":"open","sticky":false,"template":"","format":"standard","meta":{"_acf_changed":false,"footnotes":""},"categories":[1],"tags":[],"class_list":["post-15842","post","type-post","status-publish","format-standard","has-post-thumbnail","hentry","category-sin-categoria"],"acf":{"ser_id":"TZGEKLKOJBDX5PRQ6QSQ3A4Q4I","ser_url":"https:\/\/cadenaser.com\/comunitat-valenciana\/2025\/06\/10\/finestrat-comienza-la-construccion-del-ascensor-que-conecta-la-ermita-del-castell-con-la-casa-de-cultura-radio-benidorm\/"},"_links":{"self":[{"href":"https:\/\/serbenidorm.daliisolutions.com\/index.php\/wp-json\/wp\/v2\/posts\/15842","targetHints":{"allow":["GET"]}}],"collection":[{"href":"https:\/\/serbenidorm.daliisolutions.com\/index.php\/wp-json\/wp\/v2\/posts"}],"about":[{"href":"https:\/\/serbenidorm.daliisolutions.com\/index.php\/wp-json\/wp\/v2\/types\/post"}],"replies":[{"embeddable":true,"href":"https:\/\/serbenidorm.daliisolutions.com\/index.php\/wp-json\/wp\/v2\/comments?post=15842"}],"version-history":[{"count":0,"href":"https:\/\/serbenidorm.daliisolutions.com\/index.php\/wp-json\/wp\/v2\/posts\/15842\/revisions"}],"wp:featuredmedia":[{"embeddable":true,"href":"https:\/\/serbenidorm.daliisolutions.com\/index.php\/wp-json\/wp\/v2\/media\/15843"}],"wp:attachment":[{"href":"https:\/\/serbenidorm.daliisolutions.com\/index.php\/wp-json\/wp\/v2\/media?parent=15842"}],"wp:term":[{"taxonomy":"category","embeddable":true,"href":"https:\/\/serbenidorm.daliisolutions.com\/index.php\/wp-json\/wp\/v2\/categories?post=15842"},{"taxonomy":"post_tag","embeddable":true,"href":"https:\/\/serbenidorm.daliisolutions.com\/index.php\/wp-json\/wp\/v2\/tags?post=15842"}],"curies":[{"name":"wp","href":"https:\/\/api.w.org\/{rel}","templated":true}]}}