{"id":15850,"date":"2025-06-10T19:54:49","date_gmt":"2025-06-10T17:54:49","guid":{"rendered":"https:\/\/serbenidorm.daliisolutions.com\/index.php\/2025\/06\/10\/volver-al-benidorm-de-sylvia-plath\/"},"modified":"2025-06-10T19:54:49","modified_gmt":"2025-06-10T17:54:49","slug":"volver-al-benidorm-de-sylvia-plath","status":"publish","type":"post","link":"https:\/\/serbenidorm.daliisolutions.com\/index.php\/2025\/06\/10\/volver-al-benidorm-de-sylvia-plath\/","title":{"rendered":"Volver al Benidorm de Sylvia Plath"},"content":{"rendered":"  <p><div data-adtype=\"MLDB\"><\/div><\/p>   <p>Benidorm<\/p>   <p>\u201cDespu\u00e9s de una hora de viajar en autob\u00fas a trav\u00e9s de montes desiertos de arena roja, huertos de olivos y matorrales, todo tan t\u00edpico, vi aquel mar azul centelleante, la limpia curva de sus playas, sus inmaculadas casas y calles \u2013todo, con una peque\u00f1a y relumbrante ciudad de ensue\u00f1o\u2013, sent\u00ed instintivamente, igual que Ted, que \u00e9se era nuestro lugar\u201d.<\/p>   <p>La correspondencia de la escritora norteamericana Sylvia Plath con su madre durante su luna de miel en Benidorm junto a Ted Hugues, otro autor destacad\u00edsimo de esa generaci\u00f3n, es una muestra representativa de la impresi\u00f3n que le caus\u00f3.<\/p>  <p><p>M\u00e1s informaci\u00f3n<\/p><figure><img decoding=\"async\" src=\"https:\/\/cadenaser.com\/resizer\/v2\/JYCMQHLA3RMXBFNKT7ZLGDFGTM.jpg?auth=f6aa7b0451975b0bd24a7e8d1432dd3262406dee42f6fe50c7aaed0eefe2a5dc&amp;quality=70&amp;width=360&amp;height=202&amp;smart=true\" width=\"820\" height=\"621\" loading=\"lazy\" \/><\/figure><ul><li><a href=\"https:\/\/cadenaser.com\/programa\/2018\/12\/10\/los_muchos_libros\/1544438190_376134.html\"><span>La mirada desde el abismo<\/span><\/a><\/li><\/ul><\/p>   <p>Ese viaje reci\u00e9n casados en el verano de 1956 qued\u00f3 plasmado en la obra de una de las poetisas m\u00e1s importantes del siglo XX y ahora el club de lectura de la biblioteca central de Benidorm quiere volver a recorrer sus pasos. <\/p>   <p>Dos de sus integrantes, Esperanza Rodr\u00edguez y Mari \u00c1ngeles Valdivieso, han compartido en <a href=\"https:\/\/cadenaser.com\/tag\/benidorm\/a\/\" target=\"_blank\" rel=\"nofollow\" title=\"https:\/\/cadenaser.com\/tag\/benidorm\/a\/\">La Ventana de la Marina Baixa<\/a> algunas reflexiones sobre su figura, la visita que hizo a lo que entonces era un pueblo donde comenzaba el desarrollo tur\u00edstico y una conclusi\u00f3n que no deja en buen lugar a Benidorm: la falta de un homenaje en condiciones de la ciudad a la escritora.<\/p>   <p>Todo como aperitivo de la experiencia que arrancar\u00e1 este mi\u00e9rcoles a las 18:30h. en la biblioteca de la calle Herrer\u00edas, junto al Ayuntamiento, con las reflexiones del traductor al espa\u00f1ol de la poes\u00eda completa de Sylvia Plath, Xo\u00e1n Abeleira, para despu\u00e9s ir en busca de algunas de las ubicaciones m\u00e1s representativas de esa luna de miel en Benidorm, como el chalet donde se alojaron o el puerto mar\u00edtimo, donde tambi\u00e9n este mi\u00e9rcoles volver\u00e1 a asomar la luna llena. <\/p>   <p>\u00a0<\/p> ","protected":false},"excerpt":{"rendered":"<p>Homenaje a la poetisa y recorrido literario por la ciudad este mi\u00e9rcoles a las 18:30h.<\/p>\n","protected":false},"author":0,"featured_media":15851,"comment_status":"open","ping_status":"open","sticky":false,"template":"","format":"standard","meta":{"_acf_changed":false,"footnotes":""},"categories":[1],"tags":[],"class_list":["post-15850","post","type-post","status-publish","format-standard","has-post-thumbnail","hentry","category-sin-categoria"],"acf":{"ser_id":"NLFB2Z2FIBA4FMFGPJ6BBBS3LM","ser_url":"https:\/\/cadenaser.com\/comunitat-valenciana\/2025\/06\/10\/volver-al-benidorm-de-sylvia-plath-radio-benidorm\/"},"_links":{"self":[{"href":"https:\/\/serbenidorm.daliisolutions.com\/index.php\/wp-json\/wp\/v2\/posts\/15850","targetHints":{"allow":["GET"]}}],"collection":[{"href":"https:\/\/serbenidorm.daliisolutions.com\/index.php\/wp-json\/wp\/v2\/posts"}],"about":[{"href":"https:\/\/serbenidorm.daliisolutions.com\/index.php\/wp-json\/wp\/v2\/types\/post"}],"replies":[{"embeddable":true,"href":"https:\/\/serbenidorm.daliisolutions.com\/index.php\/wp-json\/wp\/v2\/comments?post=15850"}],"version-history":[{"count":0,"href":"https:\/\/serbenidorm.daliisolutions.com\/index.php\/wp-json\/wp\/v2\/posts\/15850\/revisions"}],"wp:featuredmedia":[{"embeddable":true,"href":"https:\/\/serbenidorm.daliisolutions.com\/index.php\/wp-json\/wp\/v2\/media\/15851"}],"wp:attachment":[{"href":"https:\/\/serbenidorm.daliisolutions.com\/index.php\/wp-json\/wp\/v2\/media?parent=15850"}],"wp:term":[{"taxonomy":"category","embeddable":true,"href":"https:\/\/serbenidorm.daliisolutions.com\/index.php\/wp-json\/wp\/v2\/categories?post=15850"},{"taxonomy":"post_tag","embeddable":true,"href":"https:\/\/serbenidorm.daliisolutions.com\/index.php\/wp-json\/wp\/v2\/tags?post=15850"}],"curies":[{"name":"wp","href":"https:\/\/api.w.org\/{rel}","templated":true}]}}