{"id":15862,"date":"2025-06-11T11:21:00","date_gmt":"2025-06-11T09:21:00","guid":{"rendered":"https:\/\/serbenidorm.daliisolutions.com\/index.php\/2025\/06\/11\/principio-de-acuerdo-entre-la-diputacion-y-el-consorcio-de-bomberos\/"},"modified":"2025-06-11T11:21:00","modified_gmt":"2025-06-11T09:21:00","slug":"principio-de-acuerdo-entre-la-diputacion-y-el-consorcio-de-bomberos","status":"publish","type":"post","link":"https:\/\/serbenidorm.daliisolutions.com\/index.php\/2025\/06\/11\/principio-de-acuerdo-entre-la-diputacion-y-el-consorcio-de-bomberos\/","title":{"rendered":"Principio de acuerdo entre la Diputaci\u00f3n y el Consorcio de Bomberos"},"content":{"rendered":"  <p><div data-adtype=\"MLDB\"><\/div><\/p>   <p>Alicante<\/p>   <p>Principio de acuerdo entre la Diputaci\u00f3n de Alicante y la Junta de Personal del Consorcio Provincial de Bomberos. Esta tarde se ha firmado un preacuerdo entre el presidente de la Diputaci\u00f3n, Toni P\u00e9rez, y los representantes de los trabajadores. Un acuerdo que tendr\u00e1 que ser ratificado por la Asamblea General del Consorcio que se ha convocado para ma\u00f1ana en el parque de San Vicente.<\/p>   <p><div><a href=\"https:\/\/cadenaser.com\/comunitat-valenciana\/2025\/04\/27\/los-bomberos-del-consorcio-provincial-intensifican-sus-protestas-con-una-concentracion-este-lunes-en-el-ayuntamiento-de-benidorm-radio-alicante\/\">Los bomberos del Consorcio Provincial intensifican sus protestas con una concentraci\u00f3n este lunes en el Ayuntamiento de Benidorm<\/a><p><\/p><\/div><\/p>   <p>Eso s\u00ed, advierten los bomberos de que la firma no significa poner fin al conflicto laboral, \u00absolo atenuarlo\u00bb. Y es que recuerdan que habr\u00e1 que negociar un texto refundido de las condiciones laborales a varios a\u00f1os y, por otro lado, siguen solicitando la intermediaci\u00f3n de la Diputaci\u00f3n para mejorar la gesti\u00f3n y optimizaci\u00f3n de los recursos del Consorcio para poder prestar un servicio p\u00fablico de emergencias de calidad.<\/p>   <p>En la asamblea, adem\u00e1s de ratificar este acuerdo, se debatir\u00e1 si se dan por concluidas las medidas acordadas en las anteriores asambleas de \u00abno colaboraci\u00f3n\u00bb con la administraci\u00f3n. Esto supondr\u00eda la posibilidad de realizar los retenes estivales, tanto fijos como itinerantes, y afrontar el periodo estival \u00abcon las garant\u00edas necesarias en cuanto a seguridad, tanto para la ciudadan\u00eda de la provincia de Alicante como para los propios trabajadores y trabajadoras del Consorcio\u00bb, apuntan desde el Consorcio en un comunicado.<\/p>   <p>Apuntan a los t\u00e9cnicos provinciales<\/p>   <p>Se\u00f1alan, adem\u00e1s, que este conflicto se inici\u00f3 despu\u00e9s de que la Diputaci\u00f3n no mostrara \u00abni la m\u00e1s m\u00ednima intenci\u00f3n\u00bb de alcanzar acuerdos con la parte social. Critican que se ha intentado desmovilizar a la plantilla y mantener con ella un pulso innecesario, \u00absiendo incapaz de aportar nada que pudiera conducir<\/p>   <p>a la resoluci\u00f3n del conflicto alargando innecesariamente una situaci\u00f3n que podr\u00eda haberse resuelto mucho antes\u00bb. Por ello, acusan a los responsables t\u00e9cnicos de haber puesto en peligro a la ciudadan\u00eda y a los bomberos \u00abdebido a las innumerables incidencias de parques cerrados o bajo m\u00ednimos, dotaciones incompletas, falta de mandos y de relevos en las intervenciones\u00bb.<\/p>   <p><div><a href=\"https:\/\/cadenaser.com\/comunitat-valenciana\/2025\/05\/04\/los-bomberos-del-consorcio-provincial-se-concentran-este-lunes-ante-la-diputacion-de-alicante-y-presentaran-una-cuarta-propuesta-de-acuerdo-radio-alicante\/\">Los bomberos del Consorcio Provincial se concentran este lunes ante la Diputaci\u00f3n de Alicante y presentar\u00e1n una cuarta propuesta de acuerdo<\/a><p><\/p><\/div><\/p>   <p>\u00abFinalmente, ha sido necesaria la participaci\u00f3n del presidente, Toni P\u00e9rez, y la disposici\u00f3n y trabajo del diputado de Emergencias, Francisco Cano, para que, a pesar de la falta de colaboraci\u00f3n por parte de los t\u00e9cnicos de la administraci\u00f3n, finalmente haya sido posible este preacuerdo\u00bb, concluye el comunicado.<\/p> ","protected":false},"excerpt":{"rendered":"<p>Advierten los bomberos de que la firma no significa poner fin al conflicto laboral, \u00absolo atenuarlo\u00bb, porque habr\u00e1 que negociar las condiciones laborales a varios a\u00f1os y la mejora del servicio<\/p>\n","protected":false},"author":0,"featured_media":15863,"comment_status":"open","ping_status":"open","sticky":false,"template":"","format":"standard","meta":{"_acf_changed":false,"footnotes":""},"categories":[1],"tags":[],"class_list":["post-15862","post","type-post","status-publish","format-standard","has-post-thumbnail","hentry","category-sin-categoria"],"acf":{"ser_id":"OYEMA4TVEJFNVG6YCHU7EJ7BD4","ser_url":"https:\/\/cadenaser.com\/comunitat-valenciana\/2025\/06\/10\/principio-de-acuerdo-entre-la-diputacion-y-el-consorcio-de-bomberos-radio-alicante\/"},"_links":{"self":[{"href":"https:\/\/serbenidorm.daliisolutions.com\/index.php\/wp-json\/wp\/v2\/posts\/15862","targetHints":{"allow":["GET"]}}],"collection":[{"href":"https:\/\/serbenidorm.daliisolutions.com\/index.php\/wp-json\/wp\/v2\/posts"}],"about":[{"href":"https:\/\/serbenidorm.daliisolutions.com\/index.php\/wp-json\/wp\/v2\/types\/post"}],"replies":[{"embeddable":true,"href":"https:\/\/serbenidorm.daliisolutions.com\/index.php\/wp-json\/wp\/v2\/comments?post=15862"}],"version-history":[{"count":0,"href":"https:\/\/serbenidorm.daliisolutions.com\/index.php\/wp-json\/wp\/v2\/posts\/15862\/revisions"}],"wp:featuredmedia":[{"embeddable":true,"href":"https:\/\/serbenidorm.daliisolutions.com\/index.php\/wp-json\/wp\/v2\/media\/15863"}],"wp:attachment":[{"href":"https:\/\/serbenidorm.daliisolutions.com\/index.php\/wp-json\/wp\/v2\/media?parent=15862"}],"wp:term":[{"taxonomy":"category","embeddable":true,"href":"https:\/\/serbenidorm.daliisolutions.com\/index.php\/wp-json\/wp\/v2\/categories?post=15862"},{"taxonomy":"post_tag","embeddable":true,"href":"https:\/\/serbenidorm.daliisolutions.com\/index.php\/wp-json\/wp\/v2\/tags?post=15862"}],"curies":[{"name":"wp","href":"https:\/\/api.w.org\/{rel}","templated":true}]}}