{"id":15866,"date":"2025-06-11T13:50:29","date_gmt":"2025-06-11T11:50:29","guid":{"rendered":"https:\/\/serbenidorm.daliisolutions.com\/index.php\/2025\/06\/11\/maria-soldevila-seguira-capitaneando-al-servigroup-playas-de-benidorm\/"},"modified":"2025-06-11T13:50:29","modified_gmt":"2025-06-11T11:50:29","slug":"maria-soldevila-seguira-capitaneando-al-servigroup-playas-de-benidorm","status":"publish","type":"post","link":"https:\/\/serbenidorm.daliisolutions.com\/index.php\/2025\/06\/11\/maria-soldevila-seguira-capitaneando-al-servigroup-playas-de-benidorm\/","title":{"rendered":"Mar\u00eda Soldevila seguir\u00e1 capitaneando al Servigroup Playas de Benidorm"},"content":{"rendered":"  <p><div data-adtype=\"MLDB\"><\/div><\/p>   <p>Benidorm<\/p>   <p>Probablemente, Mar\u00eda Soldevila represente mejor que nadie los valores que el Club Voleibol Playas de Benidorm ha venido representando durante los \u00faltimos a\u00f1os y cuyo m\u00e1ximo exponente es, sin duda, ese empe\u00f1o constante en lograr que los deportistas locales acaben encontrando un hueco en sus primeros equipos.<\/p>   <p>Ella, formada en la base de la entidad con sede en el pabell\u00f3n Ra\u00fal Mesa, lleva a\u00f1os ejerciendo no s\u00f3lo de capitana del Servigroup Playas de Benidorm, sino tambi\u00e9n de indiscutible l\u00edder tanto dentro como fuera de la cancha, una labor que seguir\u00e1 ejerciendo la pr\u00f3xima temporada tras el acuerdo de renovaci\u00f3n alcanzado entre las partes y que ha sido oficializado hoy por el club.<\/p>   <p>Soldevila cumplir\u00e1 as\u00ed su duod\u00e9cima temporada consecutiva en el primer equipo, que en la campa\u00f1a 2025-2026 volver\u00e1 a dirigir desde el banquillo la dupla formada por Noelia Santacreu y Sonia Endrino. <\/p>   <p>Durante la pasada campa\u00f1a, Soldevila disput\u00f3 21 partidos y 77 sets, en los que firm\u00f3 153 puntos, consolid\u00e1ndose como una de las m\u00e1ximas anotadoras del equipo desde su posici\u00f3n de central. <\/p>   <p>Su presencia en la red fue determinante, con 95 ataques, 32 bloqueos y 26 saques directos, lo que la convirti\u00f3 en una amenaza constante en ataque y en un aut\u00e9ntico muro defensivo.<\/p>   <p>M\u00e1s all\u00e1 de las estad\u00edsticas, Mar\u00eda Soldevila es sin\u00f3nimo de liderazgo, y una referente para las j\u00f3venes jugadoras del club. Su compromiso inquebrantable y su papel dentro y fuera de la pista han sido fundamentales en la evoluci\u00f3n del equipo y en la consolidaci\u00f3n del proyecto del Servigroup Playas de Benidorm.<\/p> ","protected":false},"excerpt":{"rendered":"<p>La central benidormense sumar\u00e1 su duod\u00e9cima temporada en el primer equipo<\/p>\n","protected":false},"author":0,"featured_media":15867,"comment_status":"open","ping_status":"open","sticky":false,"template":"","format":"standard","meta":{"_acf_changed":false,"footnotes":""},"categories":[16],"tags":[],"class_list":["post-15866","post","type-post","status-publish","format-standard","has-post-thumbnail","hentry","category-deportes"],"acf":{"ser_id":"MHSLMOIA6NCE7K4MYLDD7EYX2U","ser_url":"https:\/\/cadenaser.com\/comunitat-valenciana\/2025\/06\/11\/maria-soldevila-seguira-capitaneando-al-servigroup-playas-de-benidorm-radio-benidorm\/"},"_links":{"self":[{"href":"https:\/\/serbenidorm.daliisolutions.com\/index.php\/wp-json\/wp\/v2\/posts\/15866","targetHints":{"allow":["GET"]}}],"collection":[{"href":"https:\/\/serbenidorm.daliisolutions.com\/index.php\/wp-json\/wp\/v2\/posts"}],"about":[{"href":"https:\/\/serbenidorm.daliisolutions.com\/index.php\/wp-json\/wp\/v2\/types\/post"}],"replies":[{"embeddable":true,"href":"https:\/\/serbenidorm.daliisolutions.com\/index.php\/wp-json\/wp\/v2\/comments?post=15866"}],"version-history":[{"count":0,"href":"https:\/\/serbenidorm.daliisolutions.com\/index.php\/wp-json\/wp\/v2\/posts\/15866\/revisions"}],"wp:featuredmedia":[{"embeddable":true,"href":"https:\/\/serbenidorm.daliisolutions.com\/index.php\/wp-json\/wp\/v2\/media\/15867"}],"wp:attachment":[{"href":"https:\/\/serbenidorm.daliisolutions.com\/index.php\/wp-json\/wp\/v2\/media?parent=15866"}],"wp:term":[{"taxonomy":"category","embeddable":true,"href":"https:\/\/serbenidorm.daliisolutions.com\/index.php\/wp-json\/wp\/v2\/categories?post=15866"},{"taxonomy":"post_tag","embeddable":true,"href":"https:\/\/serbenidorm.daliisolutions.com\/index.php\/wp-json\/wp\/v2\/tags?post=15866"}],"curies":[{"name":"wp","href":"https:\/\/api.w.org\/{rel}","templated":true}]}}