{"id":15870,"date":"2025-06-11T14:53:47","date_gmt":"2025-06-11T12:53:47","guid":{"rendered":"https:\/\/serbenidorm.daliisolutions.com\/index.php\/2025\/06\/11\/villajoyosa-suspende-las-obras-del-puente-sobre-el-amadorio-por-fallos-estructurales-graves\/"},"modified":"2025-06-11T14:53:47","modified_gmt":"2025-06-11T12:53:47","slug":"villajoyosa-suspende-las-obras-del-puente-sobre-el-amadorio-por-fallos-estructurales-graves","status":"publish","type":"post","link":"https:\/\/serbenidorm.daliisolutions.com\/index.php\/2025\/06\/11\/villajoyosa-suspende-las-obras-del-puente-sobre-el-amadorio-por-fallos-estructurales-graves\/","title":{"rendered":"Villajoyosa suspende las obras del puente sobre el Amadorio por fallos estructurales graves"},"content":{"rendered":"  <p><div data-adtype=\"MLDB\"><\/div><\/p>   <p>La Vila Joiosa<\/p>   <p>El Ayuntamiento de La Vila Joiosa suspende las obras de rehabilitaci\u00f3n del puente del r\u00edo Amadorio, conocido como puente de Cervantes, tras detectarse importantes deficiencias estructurales no previstas en el proyecto original. Seg\u00fan ha informado el concejal de Urbanismo, Pedro Ramis, esta medida responde al \u00ab<a href=\"https:\/\/cadenaser.com\/tag\/benidorm\/a\/\" target=\"_blank\" rel=\"nofollow\" title=\"https:\/\/cadenaser.com\/tag\/benidorm\/a\/\">principio de m\u00e1xima prudencia y responsabilidad<\/a>\u00bb para garantizar la seguridad de la ciudadan\u00eda y la correcta ejecuci\u00f3n t\u00e9cnica y econ\u00f3mica de los trabajos.<\/p>   <p>Las obras comenzaron oficialmente el pasado 5 de noviembre con el objetivo de reparar los da\u00f1os estructurales y restaurar los elementos originales del puente, construido entre 1840 y 1878. Sin embargo, en el transcurso de los trabajos, especialmente al levantar el pavimento de una de las aceras, los t\u00e9cnicos descubrieron una grave deficiencia en la ampliaci\u00f3n realizada en la d\u00e9cada de 1950.<\/p>  <p><p>M\u00e1s informaci\u00f3n<\/p><figure><img decoding=\"async\" src=\"https:\/\/cadenaser.com\/resizer\/v2\/N25TBGNRCZGM5KRRANDDRME3DQ.jpeg?auth=6b71ab374d752077cc431bed66484201f47576d0447980859038869bfe9813a9&amp;quality=70&amp;width=360&amp;height=202&amp;smart=true\" width=\"820\" height=\"621\" loading=\"lazy\" \/><\/figure><ul><li><a href=\"https:\/\/cadenaser.com\/comunitat-valenciana\/2025\/06\/10\/estafa-en-benidorm-con-la-llegada-del-verano-seis-meses-de-autobus-urbano-por-dos-euros-radio-benidorm\/\"><span>Estafa en Benidorm con la llegada del verano: seis meses de autob\u00fas urbano por dos euros<\/span><\/a><\/li><\/ul><\/p>   <p>Aquella intervenci\u00f3n a\u00f1adi\u00f3 una franja lateral de apenas 1,35 metros de ancho para aceras y luminarias, pero se ejecut\u00f3 sin la losa de reparto de cargas prevista, lo que ha comprometido la seguridad del tablero.<\/p>   <p>Ante esta situaci\u00f3n, y conforme a la normativa t\u00e9cnica vigente, el Ayuntamiento ha optado por paralizar la ejecuci\u00f3n mientras se redacta un nuevo proyecto que contemple una actuaci\u00f3n estructural integral.<\/p>   <p>Con el objetivo de evitar molestias a la ciudadan\u00eda durante la temporada estival, el Ayuntamiento ha planificado la reposici\u00f3n provisional del doble sentido de circulaci\u00f3n y el acceso peatonal al puente, una vez protegida la zona inacabada. Las obras se retomar\u00e1n previsiblemente en octubre, tras la redacci\u00f3n y adjudicaci\u00f3n del nuevo plan t\u00e9cnico.<\/p> ","protected":false},"excerpt":{"rendered":"<p>Reabierto al tr\u00e1fico rodado y peatonal<\/p>\n","protected":false},"author":0,"featured_media":15871,"comment_status":"open","ping_status":"open","sticky":false,"template":"","format":"standard","meta":{"_acf_changed":false,"footnotes":""},"categories":[1],"tags":[],"class_list":["post-15870","post","type-post","status-publish","format-standard","has-post-thumbnail","hentry","category-sin-categoria"],"acf":{"ser_id":"WXU2CR7TUNGRXFZG3HJCX57XII","ser_url":"https:\/\/cadenaser.com\/comunitat-valenciana\/2025\/06\/11\/villajoyosa-suspende-las-obras-del-puente-sobre-el-amadorio-por-fallos-estructurales-graves-radio-benidorm\/"},"_links":{"self":[{"href":"https:\/\/serbenidorm.daliisolutions.com\/index.php\/wp-json\/wp\/v2\/posts\/15870","targetHints":{"allow":["GET"]}}],"collection":[{"href":"https:\/\/serbenidorm.daliisolutions.com\/index.php\/wp-json\/wp\/v2\/posts"}],"about":[{"href":"https:\/\/serbenidorm.daliisolutions.com\/index.php\/wp-json\/wp\/v2\/types\/post"}],"replies":[{"embeddable":true,"href":"https:\/\/serbenidorm.daliisolutions.com\/index.php\/wp-json\/wp\/v2\/comments?post=15870"}],"version-history":[{"count":0,"href":"https:\/\/serbenidorm.daliisolutions.com\/index.php\/wp-json\/wp\/v2\/posts\/15870\/revisions"}],"wp:featuredmedia":[{"embeddable":true,"href":"https:\/\/serbenidorm.daliisolutions.com\/index.php\/wp-json\/wp\/v2\/media\/15871"}],"wp:attachment":[{"href":"https:\/\/serbenidorm.daliisolutions.com\/index.php\/wp-json\/wp\/v2\/media?parent=15870"}],"wp:term":[{"taxonomy":"category","embeddable":true,"href":"https:\/\/serbenidorm.daliisolutions.com\/index.php\/wp-json\/wp\/v2\/categories?post=15870"},{"taxonomy":"post_tag","embeddable":true,"href":"https:\/\/serbenidorm.daliisolutions.com\/index.php\/wp-json\/wp\/v2\/tags?post=15870"}],"curies":[{"name":"wp","href":"https:\/\/api.w.org\/{rel}","templated":true}]}}