{"id":15872,"date":"2025-06-11T15:04:17","date_gmt":"2025-06-11T13:04:17","guid":{"rendered":"https:\/\/serbenidorm.daliisolutions.com\/index.php\/2025\/06\/11\/benidorm-aplicara-inteligencia-turistica-para-crecer-entre-un-10-y-un-15-entre-el-puente-del-pilar-y-las-fiestas-patronales\/"},"modified":"2025-06-11T15:04:17","modified_gmt":"2025-06-11T13:04:17","slug":"benidorm-aplicara-inteligencia-turistica-para-crecer-entre-un-10-y-un-15-entre-el-puente-del-pilar-y-las-fiestas-patronales","status":"publish","type":"post","link":"https:\/\/serbenidorm.daliisolutions.com\/index.php\/2025\/06\/11\/benidorm-aplicara-inteligencia-turistica-para-crecer-entre-un-10-y-un-15-entre-el-puente-del-pilar-y-las-fiestas-patronales\/","title":{"rendered":"Benidorm aplicar\u00e1 inteligencia tur\u00edstica para crecer entre un 10 y un 15% entre el puente del Pilar y las Fiestas Patronales"},"content":{"rendered":"  <p><div data-adtype=\"MLDB\"><\/div><\/p>   <p>Benidorm <\/p>   <p>A las puertas de la temporada tur\u00edstica Benidorm tiene la vista puesta en reforzar los tramos del a\u00f1o donde aun puede crecer en ocupaci\u00f3n y consolidar la desestacionalizaci\u00f3n del destino. Para ello utilizar\u00e1 las tecnolog\u00edas de inteligencia tur\u00edstica y el \u201can\u00e1lisis del dato\u201d de que dispone a trav\u00e9s de su Smart Office y de su futuro \u201chub\u201d de innovaci\u00f3n tur\u00edstica BeCiTi que se ubicar\u00e1 en el centro municipal El Torrej\u00f3. <\/p>   <p>As\u00ed lo ha asegurado en <a href=\"https:\/\/radiobenidorm.es\" target=\"_blank\" rel=\"nofollow\" title=\"https:\/\/radiobenidorm.es\">Hoy por Hoy Benidorm<\/a> el alcalde de la ciudad, Toni P\u00e9rez, quien ha se\u00f1alado que en periodos como el que va desde el puente del Pilar hasta las fiestas de Benidorm es uno de los momentos del a\u00f1o en los que \u201ca\u00fan tenemos un colch\u00f3n de crecimiento del 10% o el 15% respecto a lo que estamos haciendo en a\u00f1os r\u00e9cords\u201d. <\/p>   <p>P\u00e9rez afirma que Benidorm tiene fijada \u201cla temporada real de m\u00e1xima actividad\u201d hasta el 12 de octubre y que, gracias al trabajo realizado en base a la inteligencia tur\u00edstica, \u201ctras nuestras Fiestas Mayores Patronales estamos recuperando turistas cada vez m\u00e1s r\u00e1pido. Anticipamos su llegada al puente de la Constituci\u00f3n, en unas fechas en las que antes hab\u00eda muchas m\u00e1s oscilaciones\u00bb. <\/p>   <p>En este sentido, el alcalde recuerda que esa desestacionalizaci\u00f3n ya est\u00e1 \u201cplenamente consolidada\u201d en las \u00faltimas semanas de enero y primeras de febrero cuando hist\u00f3ricamente era una temporada muy baja. \u201cEn Benidorm enero es tan potente ahora casi como una post Semana Santa o un post verano\u201d, afirma. <\/p>   <p>Eventos como el Mundial de CicloCross o el Benidorm Fest a principios de a\u00f1o o la Fancy Dress Party en pleno noviembre han contribuido a romper esos altibajos en las ocupaciones. Precisamente, para los periodos en los que Benidorm a\u00fan puede crecer, el destino est\u00e1 analizando qu\u00e9 tipo de producto tur\u00edstico o evento puede ejercer de polo de atracci\u00f3n. \u201cBuscamos actividades que pueden nacer en un fin de semana pero que trabajamos para extender de mi\u00e9rcoles o jueves hasta domingo o lunes y que semana es la que m\u00e1s nos interesa para ofrecerla\u201d, ha explicado. <\/p>   <p>De esta forma, la ciudad ha conseguido tener una ocupaci\u00f3n media anual del 82% en el \u00faltimo a\u00f1o, cifra que Toni P\u00e9rez conf\u00eda en superar en 2025. En 2024 la ciudad recibi\u00f3 2,9 millones de turistas de los que 900.000 eran de origen brit\u00e1nico. \u201cBenidorm es una marca que trabaja muy bien desde el 1 de enero al 31 de diciembre\u201d, se congratula el alcalde. <\/p>   <p>Con respecto a la temporada estival P\u00e9rez afirma que se prev\u00e9 un \u201cverano magn\u00edfico\u201d no solo en lo que a ocupaci\u00f3n se refiere sino tambi\u00e9n \u201cen el retorno que cada turista aporta la ciudad\u201d. Un retorno que ya se estar\u00eda notando en las cifras de creaci\u00f3n de empleo: \u201cNo tendremos que esperar a julio y agosto para tener una tasa de paro por debajo del 10% porque es una cifra que ya tenemos desde abril y somos la \u00fanica ciudad de m\u00e1s de 50.000 habitantes en toda la Comunitat Valenciana con estas cifras\u201d, asevera. <\/p>   <p>Precisamente, la creaci\u00f3n de empleo es uno de los motivos que ha hecho que la ciudad crezca en n\u00famero de censados superando en m\u00e1s de 2.000 la barrera de los 75.000 habitantes que en su d\u00eda se marcaron los gobernantes. \u201cNuestros n\u00fameros dicen que estamos ya en 80.000 habitantes y pronto ser\u00e1 refrendado por el INE el pr\u00f3ximo 1 de enero de 2026\u201d, adelanta P\u00e9rez. <\/p>   <p>En lo que respecta a la ocupaci\u00f3n estival en el resto de la Costa Blanca P\u00e9rez asegura que \u201cestamos viviendo un momento de florecimiento del turismo con datos de gran impacto econ\u00f3mico\u201d y que el Aeropuerto Alicante-Elche superara este a\u00f1o el numero de pasajeros de 2024 cuando se registraron 18 millones de viajeros. <\/p> ","protected":false},"excerpt":{"rendered":"<p>El alcalde, Toni P\u00e9rez, vaticina un a\u00f1o tur\u00edstico \u00abde r\u00e9cord\u00bb<\/p>\n","protected":false},"author":0,"featured_media":15873,"comment_status":"open","ping_status":"open","sticky":false,"template":"","format":"standard","meta":{"_acf_changed":false,"footnotes":""},"categories":[1],"tags":[],"class_list":["post-15872","post","type-post","status-publish","format-standard","has-post-thumbnail","hentry","category-sin-categoria"],"acf":{"ser_id":"RICXNFLOFFCCTA2AVC2KBZ5L4A","ser_url":"https:\/\/cadenaser.com\/comunitat-valenciana\/2025\/06\/11\/benidorm-aplicara-inteligencia-turistica-para-crecer-entre-un-10-y-un-15-entre-el-puente-del-pilar-y-las-fiestas-patronales-radio-benidorm\/"},"_links":{"self":[{"href":"https:\/\/serbenidorm.daliisolutions.com\/index.php\/wp-json\/wp\/v2\/posts\/15872","targetHints":{"allow":["GET"]}}],"collection":[{"href":"https:\/\/serbenidorm.daliisolutions.com\/index.php\/wp-json\/wp\/v2\/posts"}],"about":[{"href":"https:\/\/serbenidorm.daliisolutions.com\/index.php\/wp-json\/wp\/v2\/types\/post"}],"replies":[{"embeddable":true,"href":"https:\/\/serbenidorm.daliisolutions.com\/index.php\/wp-json\/wp\/v2\/comments?post=15872"}],"version-history":[{"count":0,"href":"https:\/\/serbenidorm.daliisolutions.com\/index.php\/wp-json\/wp\/v2\/posts\/15872\/revisions"}],"wp:featuredmedia":[{"embeddable":true,"href":"https:\/\/serbenidorm.daliisolutions.com\/index.php\/wp-json\/wp\/v2\/media\/15873"}],"wp:attachment":[{"href":"https:\/\/serbenidorm.daliisolutions.com\/index.php\/wp-json\/wp\/v2\/media?parent=15872"}],"wp:term":[{"taxonomy":"category","embeddable":true,"href":"https:\/\/serbenidorm.daliisolutions.com\/index.php\/wp-json\/wp\/v2\/categories?post=15872"},{"taxonomy":"post_tag","embeddable":true,"href":"https:\/\/serbenidorm.daliisolutions.com\/index.php\/wp-json\/wp\/v2\/tags?post=15872"}],"curies":[{"name":"wp","href":"https:\/\/api.w.org\/{rel}","templated":true}]}}