{"id":15903,"date":"2025-06-12T14:42:19","date_gmt":"2025-06-12T12:42:19","guid":{"rendered":"https:\/\/serbenidorm.daliisolutions.com\/index.php\/2025\/06\/12\/callosa-den-sarria-espera-recuperar-totalmente-el-poador-en-ano-y-medio\/"},"modified":"2025-06-12T14:42:19","modified_gmt":"2025-06-12T12:42:19","slug":"callosa-den-sarria-espera-recuperar-totalmente-el-poador-en-ano-y-medio","status":"publish","type":"post","link":"https:\/\/serbenidorm.daliisolutions.com\/index.php\/2025\/06\/12\/callosa-den-sarria-espera-recuperar-totalmente-el-poador-en-ano-y-medio\/","title":{"rendered":"Callosa d\u2019en Sarri\u00e0 espera recuperar totalmente el Poador en a\u00f1o y medio"},"content":{"rendered":"  <p><div data-adtype=\"MLDB\"><\/div><\/p>   <p>Callosa d&#8217;en Sarri\u00e0<\/p>   <p>Callosa d\u2019en Sarri\u00e0 ya tiene el proyecto redactado para rehabilitar una zona tan emblem\u00e1tica como es el \u201cPoador\u201d. Un proyecto valorado en 500.000 euros que recibe financiaci\u00f3n de Fondos Europeos y que el alcalde espera que sea una realidad en a\u00f1o y medio.<\/p>   <p>En <a href=\"https:\/\/radiobenidorm.es\" target=\"_blank\" rel=\"nofollow\" title=\"https:\/\/radiobenidorm.es\">Hoy por Hoy Benidorm<\/a>, el primer edil Andr\u00e9s Molina ha explicado que el \u201cPoador\u201d es un importante bien patrimonial para el municipio y que sufri\u00f3 da\u00f1os en 2017 cuando cayo parte del techo. \u201cCon el proyecto de restauraci\u00f3n repararemos la cubierta y tambi\u00e9n haremos m\u00e1s grande la exposici\u00f3n sobre la importancia de la gesti\u00f3n hist\u00f3rica del agua en Callosa d\u2019en Sarri\u00e0 para ponerla en valor\u201d, se\u00f1ala Molina quien estima que a finales de 2026 podr\u00eda ser una realidad. <\/p>   <p>Entra las inversiones importantes para este 2025 el alcalde destaca la rehabilitaci\u00f3n de la Pla\u00e7a Quatre Carretes con la construcci\u00f3n de una fuente nueva. La conocida como \u201cfont dels patos\u201d ven\u00eda sufriendo da\u00f1os con relativa frecuencia como consecuencia del elevado nivel de tr\u00e1fico pesado que soporta la zona. \u201cMuchos de los camiones que pasan por all\u00ed da\u00f1an la fuente, as\u00ed que ya hemos contratado un proyecto de restauraci\u00f3n para hacer una fuente nueva\u201d, adelanta Molina. Un proyecto que comenzar\u00eda este a\u00f1o y finalizar\u00eda en el siguiente ejercicio. <\/p>   <p>En lo que respecta a las inversiones ya ejecutadas, el alcalde ha destacado la sustituci\u00f3n del pavimento de las aceras de la avenida Jaume I que \u201cten\u00eda unas baldosas muy resbaladizas y que ahora, con el nuevo firme, creemos que se ha solucionado el problema\u201d. Queda pendiente a\u00fan para este a\u00f1o el asfaltado de la calzada de esta misma avenida y tambi\u00e9n la de la calle Ram\u00f3n y Cajal. <\/p>   <p>El alcalde tambi\u00e9n ha querido poner en valor la recuperaci\u00f3n del Fort de Bernia, cuya primera fase finaliz\u00f3 a finales del a\u00f1o pasado, y se\u00f1ala que el Consistorio ya ha pedido a la Conselleria de Patrimonio ayudas para seguir avanzando en las siguientes fases del Plan Director. \u201cYa pudimos recuperar muchas zonas de arcos y descubrir el p\u00f3rtico de la entrada principal y ahora nos gustar\u00eda reconstruir completamente esa puerta y recuperar el foso principal\u201d, asevera. <\/p>   <p>En este sentido, el Ayuntamiento tambi\u00e9n ha actuado en los dos \u00faltimos a\u00f1os en la recuperaci\u00f3n de la senda que une el Fort de Bernia con las Fuentes del Algar, principal patrimonio tur\u00edstico del municipio. \u201cEs la ruta m\u00e1s larga pero la m\u00e1s bonita y emblem\u00e1tica\u201d destaca el alcalde. <\/p> ","protected":false},"excerpt":{"rendered":"<p>El Ayuntamiento crear\u00e1 una fuente nueva en al Pla\u00e7a Quatre Cantons<\/p>\n","protected":false},"author":0,"featured_media":15904,"comment_status":"open","ping_status":"open","sticky":false,"template":"","format":"standard","meta":{"_acf_changed":false,"footnotes":""},"categories":[1],"tags":[],"class_list":["post-15903","post","type-post","status-publish","format-standard","has-post-thumbnail","hentry","category-sin-categoria"],"acf":{"ser_id":"47CS3RS2G5FRNKE5UWG3HGH2XE","ser_url":"https:\/\/cadenaser.com\/comunitat-valenciana\/2025\/06\/12\/callosa-den-sarria-espera-recuperar-totalmente-el-poador-en-ano-y-medio-radio-benidorm\/"},"_links":{"self":[{"href":"https:\/\/serbenidorm.daliisolutions.com\/index.php\/wp-json\/wp\/v2\/posts\/15903","targetHints":{"allow":["GET"]}}],"collection":[{"href":"https:\/\/serbenidorm.daliisolutions.com\/index.php\/wp-json\/wp\/v2\/posts"}],"about":[{"href":"https:\/\/serbenidorm.daliisolutions.com\/index.php\/wp-json\/wp\/v2\/types\/post"}],"replies":[{"embeddable":true,"href":"https:\/\/serbenidorm.daliisolutions.com\/index.php\/wp-json\/wp\/v2\/comments?post=15903"}],"version-history":[{"count":0,"href":"https:\/\/serbenidorm.daliisolutions.com\/index.php\/wp-json\/wp\/v2\/posts\/15903\/revisions"}],"wp:featuredmedia":[{"embeddable":true,"href":"https:\/\/serbenidorm.daliisolutions.com\/index.php\/wp-json\/wp\/v2\/media\/15904"}],"wp:attachment":[{"href":"https:\/\/serbenidorm.daliisolutions.com\/index.php\/wp-json\/wp\/v2\/media?parent=15903"}],"wp:term":[{"taxonomy":"category","embeddable":true,"href":"https:\/\/serbenidorm.daliisolutions.com\/index.php\/wp-json\/wp\/v2\/categories?post=15903"},{"taxonomy":"post_tag","embeddable":true,"href":"https:\/\/serbenidorm.daliisolutions.com\/index.php\/wp-json\/wp\/v2\/tags?post=15903"}],"curies":[{"name":"wp","href":"https:\/\/api.w.org\/{rel}","templated":true}]}}